{"id":14878,"date":"2016-08-01T07:55:26","date_gmt":"2016-08-01T12:55:26","guid":{"rendered":"http:\/\/www.revistazetta.com\/?p=14878"},"modified":"2016-08-01T07:55:26","modified_gmt":"2016-08-01T12:55:26","slug":"familias-accion-volvio-isla-fuerte","status":"publish","type":"post","link":"https:\/\/revistazetta.com\/?p=14878","title":{"rendered":"Familias en Acci\u00f3n volvi\u00f3 a isla Fuerte"},"content":{"rendered":"<p><strong><img loading=\"lazy\" decoding=\"async\" class=\"size-medium wp-image-14880 alignleft\" src=\"https:\/\/www.revistazetta.com\/wp-content\/uploads\/2016\/08\/Fami-perea-copy-300x300.jpg\" alt=\"Fami perea copy\" width=\"300\" height=\"300\" srcset=\"https:\/\/revistazetta.com\/wp-content\/uploads\/2016\/08\/Fami-perea-copy-300x300.jpg 300w, https:\/\/revistazetta.com\/wp-content\/uploads\/2016\/08\/Fami-perea-copy-150x150.jpg 150w, https:\/\/revistazetta.com\/wp-content\/uploads\/2016\/08\/Fami-perea-copy-146x146.jpg 146w, https:\/\/revistazetta.com\/wp-content\/uploads\/2016\/08\/Fami-perea-copy-50x50.jpg 50w, https:\/\/revistazetta.com\/wp-content\/uploads\/2016\/08\/Fami-perea-copy-75x75.jpg 75w, https:\/\/revistazetta.com\/wp-content\/uploads\/2016\/08\/Fami-perea-copy-85x85.jpg 85w, https:\/\/revistazetta.com\/wp-content\/uploads\/2016\/08\/Fami-perea-copy-80x80.jpg 80w, https:\/\/revistazetta.com\/wp-content\/uploads\/2016\/08\/Fami-perea-copy.jpg 630w\" sizes=\"auto, (max-width: 300px) 100vw, 300px\" \/><\/strong>Familias en Acci\u00f3n regres\u00f3 a Isla Fuerte luego de cuatro a\u00f1os de no hacer presencia, para poner al d\u00eda a la comunidad con los requisitos del programa y as\u00ed puedan disfrutar sus beneficios, en especial la infancia.<\/p>\n<p>Una delegaci\u00f3n encabezada por el enlace distrital del programa, Jackeline Perea Blanco, tamb\u00e9n lleg\u00f3 a Isa M\u00facura y el islote, el pasado fin de semana, a donde llev\u00f3 una brigada m\u00f3vil de atenci\u00f3n las\u00a0novedades.<\/p>\n<p>All\u00ed se adelantaron procesos como actualizaci\u00f3n de documentos,\u00a0actualizaci\u00f3n escolar, cambio de IPS, as\u00ed\u00a0como tambi\u00e9n se inici\u00f3 la b\u00fasqueda para\u00a0identificar a los beneficiarios que deseen postularse al liderazgo del programa y sean\u00a0ratificados en la Asamblea General de\u00a0elecci\u00f3n y reconocimiento de madres l\u00edderes pr\u00f3xima a desarrollarse el 16 de septiembre\u00a0en Cartagena.<\/p>\n<p>\u201cEsta es una gran oportunidad que aprovechamos al m\u00e1ximo para que los\u00a0beneficiarios de esta zona accedan a\u00a0nuestro programa y se vinculen a todos\u00a0procesos\u201d, declar\u00f3 la funcionaria.<\/p>\n<p>Record\u00f3 que desde hace muchos a\u00f1os el programa no hac\u00eda este tipo de brigadas, y hoy\u00a0con la administraci\u00f3n Primero la Gente, es\u00a0una realidad. \u201cHoy el programa M\u00e1s Familias\u00a0en Acci\u00f3n vuelve a brillar. Trabajamos d\u00eda a\u00a0d\u00eda por nuestras ni\u00f1as y ni\u00f1os, para que\u00a0tengan mejores oportunidades, m\u00e1s salud y\u00a0m\u00e1s educaci\u00f3n\u201d, se\u00f1al\u00f3 Perea\u00a0Blanco.<\/p>\n","protected":false},"excerpt":{"rendered":"<p>Familias en Acci\u00f3n regres\u00f3 a Isla Fuerte luego de cuatro a\u00f1os de no hacer presencia, para poner al d\u00eda a la comunidad con los requisitos del programa y as\u00ed puedan disfrutar sus beneficios, en especial la infancia. Una delegaci\u00f3n encabezada por el enlace distrital del programa, Jackeline Perea Blanco, tamb\u00e9n lleg\u00f3 a Isa M\u00facura y el islote, el pasado fin de semana, a donde llev\u00f3 una brigada m\u00f3vil de atenci\u00f3n las\u00a0novedades. All\u00ed se adelantaron procesos como actualizaci\u00f3n de documentos,\u00a0actualizaci\u00f3n escolar, cambio de IPS, as\u00ed\u00a0como tambi\u00e9n se inici\u00f3 la b\u00fasqueda para\u00a0identificar&#8230; <\/p>\n","protected":false},"author":3,"featured_media":14879,"comment_status":"open","ping_status":"closed","sticky":false,"template":"","format":"standard","meta":{"footnotes":"","_links_to":"","_links_to_target":""},"categories":[75,86,32],"tags":[],"class_list":["post-14878","post","type-post","status-publish","format-standard","has-post-thumbnail","hentry","category-destacada","category-comunidad","category-actualidad-distrito"],"_links":{"self":[{"href":"https:\/\/revistazetta.com\/index.php?rest_route=\/wp\/v2\/posts\/14878","targetHints":{"allow":["GET"]}}],"collection":[{"href":"https:\/\/revistazetta.com\/index.php?rest_route=\/wp\/v2\/posts"}],"about":[{"href":"https:\/\/revistazetta.com\/index.php?rest_route=\/wp\/v2\/types\/post"}],"author":[{"embeddable":true,"href":"https:\/\/revistazetta.com\/index.php?rest_route=\/wp\/v2\/users\/3"}],"replies":[{"embeddable":true,"href":"https:\/\/revistazetta.com\/index.php?rest_route=%2Fwp%2Fv2%2Fcomments&post=14878"}],"version-history":[{"count":0,"href":"https:\/\/revistazetta.com\/index.php?rest_route=\/wp\/v2\/posts\/14878\/revisions"}],"wp:featuredmedia":[{"embeddable":true,"href":"https:\/\/revistazetta.com\/index.php?rest_route=\/wp\/v2\/media\/14879"}],"wp:attachment":[{"href":"https:\/\/revistazetta.com\/index.php?rest_route=%2Fwp%2Fv2%2Fmedia&parent=14878"}],"wp:term":[{"taxonomy":"category","embeddable":true,"href":"https:\/\/revistazetta.com\/index.php?rest_route=%2Fwp%2Fv2%2Fcategories&post=14878"},{"taxonomy":"post_tag","embeddable":true,"href":"https:\/\/revistazetta.com\/index.php?rest_route=%2Fwp%2Fv2%2Ftags&post=14878"}],"curies":[{"name":"wp","href":"https:\/\/api.w.org\/{rel}","templated":true}]}}