{"id":14882,"date":"2016-08-01T09:07:44","date_gmt":"2016-08-01T14:07:44","guid":{"rendered":"http:\/\/www.revistazetta.com\/?p=14882"},"modified":"2016-08-01T09:07:44","modified_gmt":"2016-08-01T14:07:44","slug":"orbita-politica-john-zamora-lunes-1-agosto","status":"publish","type":"post","link":"https:\/\/revistazetta.com\/?p=14882","title":{"rendered":"\u00d3rbita Pol\u00edtica de John Zamora &#8211; lunes 1 de agosto"},"content":{"rendered":"<p><strong>Manolo repunta en imagen y manejo<\/strong><\/p>\n<p>Seg\u00fan encuesta revelada este lunes en WRadio, la imagen y el manejo del alcalde Manolo Duque han repuntado.<\/p>\n<p>\u201cOpin\u00f3metro\u201d indica que la imagen favorable pas\u00f3 del 49% al 64%, y que la desfavorable baj\u00f3 del 44% al 35%.<\/p>\n<p>De igual forma, Manolo repunt\u00f3 sobre la percepci\u00f3n que tienen los encuestados del manejo de la ciudad. Los que creen que va por mal camino bajaron del 45% al 33%, y los que creen que la ciudad va por buen camino subieron del 47% al 67%.<\/p>\n<p><img loading=\"lazy\" decoding=\"async\" class=\"alignnone size-full wp-image-14889\" src=\"https:\/\/www.revistazetta.com\/wp-content\/uploads\/2016\/08\/Captura-de-pantalla-2016-08-01-a-las-8.07.04-a.m..png\" alt=\"Captura de pantalla 2016-08-01 a las 8.07.04 a.m.\" width=\"230\" height=\"170\" srcset=\"https:\/\/revistazetta.com\/wp-content\/uploads\/2016\/08\/Captura-de-pantalla-2016-08-01-a-las-8.07.04-a.m..png 230w, https:\/\/revistazetta.com\/wp-content\/uploads\/2016\/08\/Captura-de-pantalla-2016-08-01-a-las-8.07.04-a.m.-198x146.png 198w, https:\/\/revistazetta.com\/wp-content\/uploads\/2016\/08\/Captura-de-pantalla-2016-08-01-a-las-8.07.04-a.m.-50x37.png 50w, https:\/\/revistazetta.com\/wp-content\/uploads\/2016\/08\/Captura-de-pantalla-2016-08-01-a-las-8.07.04-a.m.-101x75.png 101w\" sizes=\"auto, (max-width: 230px) 100vw, 230px\" \/> <img loading=\"lazy\" decoding=\"async\" class=\"alignnone size-full wp-image-14888\" src=\"https:\/\/www.revistazetta.com\/wp-content\/uploads\/2016\/08\/Captura-de-pantalla-2016-08-01-a-las-8.06.22-a.m..png\" alt=\"Captura de pantalla 2016-08-01 a las 8.06.22 a.m.\" width=\"228\" height=\"170\" srcset=\"https:\/\/revistazetta.com\/wp-content\/uploads\/2016\/08\/Captura-de-pantalla-2016-08-01-a-las-8.06.22-a.m..png 228w, https:\/\/revistazetta.com\/wp-content\/uploads\/2016\/08\/Captura-de-pantalla-2016-08-01-a-las-8.06.22-a.m.-196x146.png 196w, https:\/\/revistazetta.com\/wp-content\/uploads\/2016\/08\/Captura-de-pantalla-2016-08-01-a-las-8.06.22-a.m.-50x37.png 50w, https:\/\/revistazetta.com\/wp-content\/uploads\/2016\/08\/Captura-de-pantalla-2016-08-01-a-las-8.06.22-a.m.-101x75.png 101w\" sizes=\"auto, (max-width: 228px) 100vw, 228px\" \/><\/p>\n<p><strong>Andr\u00e9s: 21 km en 1h 58m<\/strong><\/p>\n<p>El ex concejal y ex candidato a la Alcald\u00eda, Andr\u00e9s Betancourt Gonz\u00e1lez, ha bajado su perfil pol\u00edtico pero elevado su entrenamiento deportivo. Los que lo vieron trotando por Tierrabomba o por Cielo Mar ya saben por qu\u00e9 intensific\u00f3 sus entrenamientos y es que se preparaba para participar en la media marat\u00f3n de Bogot\u00e1.<\/p>\n<p>El domingo pasado particip\u00f3 con el dorsal 6383 y su tiempo oficial para la distancia de 21 kil\u00f3metros fue de 1 hora 58 minutos 36 segundos. Estuvo en la categor\u00eda \u201cveteranos\u201d y lleg\u00f3 en el lugar 3.122 en la clasificaci\u00f3n general, y el puesto 775 en la clasificaci\u00f3n de veteranos.<\/p>\n<p>Felicitaciones y que siga as\u00ed rumbo a su primera marat\u00f3n, que ser\u00e1 en Medell\u00edn\u2026<\/p>\n<div id=\"attachment_14883\" style=\"width: 250px\" class=\"wp-caption alignnone\"><img loading=\"lazy\" decoding=\"async\" aria-describedby=\"caption-attachment-14883\" class=\"wp-image-14883 size-medium\" src=\"https:\/\/www.revistazetta.com\/wp-content\/uploads\/2016\/08\/Andr\u00e9s-Betancourt-mmb-1-240x300.jpg\" alt=\"Andr\u00e9s Betancourt mmb 1\" width=\"240\" height=\"300\" srcset=\"https:\/\/revistazetta.com\/wp-content\/uploads\/2016\/08\/Andr\u00e9s-Betancourt-mmb-1-240x300.jpg 240w, https:\/\/revistazetta.com\/wp-content\/uploads\/2016\/08\/Andr\u00e9s-Betancourt-mmb-1-117x146.jpg 117w, https:\/\/revistazetta.com\/wp-content\/uploads\/2016\/08\/Andr\u00e9s-Betancourt-mmb-1-40x50.jpg 40w, https:\/\/revistazetta.com\/wp-content\/uploads\/2016\/08\/Andr\u00e9s-Betancourt-mmb-1-60x75.jpg 60w, https:\/\/revistazetta.com\/wp-content\/uploads\/2016\/08\/Andr\u00e9s-Betancourt-mmb-1.jpg 480w\" sizes=\"auto, (max-width: 240px) 100vw, 240px\" \/><p id=\"caption-attachment-14883\" class=\"wp-caption-text\">Andr\u00e9s Betancourt en la Media Marat\u00f3n de Bogot\u00e1.<\/p><\/div>\n<p><img loading=\"lazy\" decoding=\"async\" class=\"alignnone size-medium wp-image-14884\" src=\"https:\/\/www.revistazetta.com\/wp-content\/uploads\/2016\/08\/Andr\u00e9s-Betancourt-mmb-2-300x240.jpg\" alt=\"Andr\u00e9s Betancourt mmb 2\" width=\"300\" height=\"240\" srcset=\"https:\/\/revistazetta.com\/wp-content\/uploads\/2016\/08\/Andr\u00e9s-Betancourt-mmb-2-300x240.jpg 300w, https:\/\/revistazetta.com\/wp-content\/uploads\/2016\/08\/Andr\u00e9s-Betancourt-mmb-2-183x146.jpg 183w, https:\/\/revistazetta.com\/wp-content\/uploads\/2016\/08\/Andr\u00e9s-Betancourt-mmb-2-50x40.jpg 50w, https:\/\/revistazetta.com\/wp-content\/uploads\/2016\/08\/Andr\u00e9s-Betancourt-mmb-2-94x75.jpg 94w, https:\/\/revistazetta.com\/wp-content\/uploads\/2016\/08\/Andr\u00e9s-Betancourt-mmb-2.jpg 600w\" sizes=\"auto, (max-width: 300px) 100vw, 300px\" \/><\/p>\n<p><strong>Triunfo para Luis Padilla<\/strong><\/p>\n<p>El secretario de Salud de Bol\u00edvar, Luis Padilla, fue uno de los funcionarios que m\u00e1s contento sali\u00f3 este domingo de la sede de la Asamblea, donde por dos periodos fue diputado, pues all\u00ed se aprob\u00f3 en tercer debate el plan departamental de Salud. Ese instrumento y la firma la pasada semana del Modelo de Atenci\u00f3n Integral en Salud (MIAS), le otorgan nuevas herramientas para hacer una gesti\u00f3n memorable, as\u00ed que se espera que los indicadores de este sector, que en Bol\u00edvar son deficientes, dejen de estar con el saldo en rojo.<\/p>\n<div id=\"attachment_14885\" style=\"width: 250px\" class=\"wp-caption alignnone\"><img loading=\"lazy\" decoding=\"async\" aria-describedby=\"caption-attachment-14885\" class=\"wp-image-14885 size-medium\" src=\"https:\/\/www.revistazetta.com\/wp-content\/uploads\/2016\/08\/Luis-Padilla-instru-240x300.jpg\" alt=\"Luis Padilla instru\" width=\"240\" height=\"300\" srcset=\"https:\/\/revistazetta.com\/wp-content\/uploads\/2016\/08\/Luis-Padilla-instru-240x300.jpg 240w, https:\/\/revistazetta.com\/wp-content\/uploads\/2016\/08\/Luis-Padilla-instru-117x146.jpg 117w, https:\/\/revistazetta.com\/wp-content\/uploads\/2016\/08\/Luis-Padilla-instru-40x50.jpg 40w, https:\/\/revistazetta.com\/wp-content\/uploads\/2016\/08\/Luis-Padilla-instru-60x75.jpg 60w, https:\/\/revistazetta.com\/wp-content\/uploads\/2016\/08\/Luis-Padilla-instru.jpg 480w\" sizes=\"auto, (max-width: 240px) 100vw, 240px\" \/><p id=\"caption-attachment-14885\" class=\"wp-caption-text\">Luis Padilla Sierra.<\/p><\/div>\n","protected":false},"excerpt":{"rendered":"<p>Manolo repunta en imagen y manejo Seg\u00fan encuesta revelada este lunes en WRadio, la imagen y el manejo del alcalde Manolo Duque han repuntado. \u201cOpin\u00f3metro\u201d indica que la imagen favorable pas\u00f3 del 49% al 64%, y que la desfavorable baj\u00f3 del 44% al 35%. De igual forma, Manolo repunt\u00f3 sobre la percepci\u00f3n que tienen los encuestados del manejo de la ciudad. Los que creen que va por mal camino bajaron del 45% al 33%, y los que creen que la ciudad va por buen camino subieron del 47% al 67%&#8230;. <\/p>\n","protected":false},"author":3,"featured_media":14887,"comment_status":"open","ping_status":"closed","sticky":false,"template":"","format":"standard","meta":{"footnotes":"","_links_to":"","_links_to_target":""},"categories":[75,47,44,45],"tags":[],"class_list":["post-14882","post","type-post","status-publish","format-standard","has-post-thumbnail","hentry","category-destacada","category-john-zamora","category-materiagris","category-orbita"],"_links":{"self":[{"href":"https:\/\/revistazetta.com\/index.php?rest_route=\/wp\/v2\/posts\/14882","targetHints":{"allow":["GET"]}}],"collection":[{"href":"https:\/\/revistazetta.com\/index.php?rest_route=\/wp\/v2\/posts"}],"about":[{"href":"https:\/\/revistazetta.com\/index.php?rest_route=\/wp\/v2\/types\/post"}],"author":[{"embeddable":true,"href":"https:\/\/revistazetta.com\/index.php?rest_route=\/wp\/v2\/users\/3"}],"replies":[{"embeddable":true,"href":"https:\/\/revistazetta.com\/index.php?rest_route=%2Fwp%2Fv2%2Fcomments&post=14882"}],"version-history":[{"count":0,"href":"https:\/\/revistazetta.com\/index.php?rest_route=\/wp\/v2\/posts\/14882\/revisions"}],"wp:featuredmedia":[{"embeddable":true,"href":"https:\/\/revistazetta.com\/index.php?rest_route=\/wp\/v2\/media\/14887"}],"wp:attachment":[{"href":"https:\/\/revistazetta.com\/index.php?rest_route=%2Fwp%2Fv2%2Fmedia&parent=14882"}],"wp:term":[{"taxonomy":"category","embeddable":true,"href":"https:\/\/revistazetta.com\/index.php?rest_route=%2Fwp%2Fv2%2Fcategories&post=14882"},{"taxonomy":"post_tag","embeddable":true,"href":"https:\/\/revistazetta.com\/index.php?rest_route=%2Fwp%2Fv2%2Ftags&post=14882"}],"curies":[{"name":"wp","href":"https:\/\/api.w.org\/{rel}","templated":true}]}}