{"id":14892,"date":"2016-08-01T13:26:44","date_gmt":"2016-08-01T18:26:44","guid":{"rendered":"http:\/\/www.revistazetta.com\/?p=14892"},"modified":"2016-08-01T13:26:44","modified_gmt":"2016-08-01T18:26:44","slug":"entornos-protegidos-garantizar-los-derechos-los-estudiantes","status":"publish","type":"post","link":"https:\/\/revistazetta.com\/?p=14892","title":{"rendered":"Entornos protegidos para garantizar los derechos de los estudiantes"},"content":{"rendered":"<p>Fue socializado el proyecto de Cooperaci\u00f3n Internacional \u201cConstruyendo Juntos Entornos Protectores\u201d, celebrado entre el Ministerio de Educaci\u00f3n Nacional, Instituto Colombiano de Bienestar Familiar \u2013 ICBF, Organizaci\u00f3n de Estados Iberoamericanos- OEI, gracias a la iniciativa del gobierno departamental.<\/p>\n<p>Dicho proyecto se podr\u00e1 implementar en 6 municipios de Bol\u00edvar para construir espacios de informaci\u00f3n, formaci\u00f3n y reflexi\u00f3n de los entornos y ambientes escolares de los ni\u00f1os, j\u00f3venes y adultos en las escuelas oficiales de la subregi\u00f3n.<\/p>\n<p><img loading=\"lazy\" decoding=\"async\" class=\"alignright size-medium wp-image-14900\" src=\"https:\/\/www.revistazetta.com\/wp-content\/uploads\/2016\/08\/EP3-300x187.jpg\" alt=\"EP3\" width=\"300\" height=\"187\" srcset=\"https:\/\/revistazetta.com\/wp-content\/uploads\/2016\/08\/EP3-300x187.jpg 300w, https:\/\/revistazetta.com\/wp-content\/uploads\/2016\/08\/EP3-234x146.jpg 234w, https:\/\/revistazetta.com\/wp-content\/uploads\/2016\/08\/EP3-50x31.jpg 50w, https:\/\/revistazetta.com\/wp-content\/uploads\/2016\/08\/EP3-120x75.jpg 120w, https:\/\/revistazetta.com\/wp-content\/uploads\/2016\/08\/EP3.jpg 570w\" sizes=\"auto, (max-width: 300px) 100vw, 300px\" \/> <img loading=\"lazy\" decoding=\"async\" class=\"alignright size-medium wp-image-14899\" src=\"https:\/\/www.revistazetta.com\/wp-content\/uploads\/2016\/08\/EP2-300x187.jpg\" alt=\"EP2\" width=\"300\" height=\"187\" srcset=\"https:\/\/revistazetta.com\/wp-content\/uploads\/2016\/08\/EP2-300x187.jpg 300w, https:\/\/revistazetta.com\/wp-content\/uploads\/2016\/08\/EP2-234x146.jpg 234w, https:\/\/revistazetta.com\/wp-content\/uploads\/2016\/08\/EP2-50x31.jpg 50w, https:\/\/revistazetta.com\/wp-content\/uploads\/2016\/08\/EP2-120x75.jpg 120w, https:\/\/revistazetta.com\/wp-content\/uploads\/2016\/08\/EP2.jpg 570w\" sizes=\"auto, (max-width: 300px) 100vw, 300px\" \/> <img loading=\"lazy\" decoding=\"async\" class=\"alignright size-medium wp-image-14898\" src=\"https:\/\/www.revistazetta.com\/wp-content\/uploads\/2016\/08\/EP1-300x187.jpg\" alt=\"EP1\" width=\"300\" height=\"187\" srcset=\"https:\/\/revistazetta.com\/wp-content\/uploads\/2016\/08\/EP1-300x187.jpg 300w, https:\/\/revistazetta.com\/wp-content\/uploads\/2016\/08\/EP1-234x146.jpg 234w, https:\/\/revistazetta.com\/wp-content\/uploads\/2016\/08\/EP1-50x31.jpg 50w, https:\/\/revistazetta.com\/wp-content\/uploads\/2016\/08\/EP1-120x75.jpg 120w, https:\/\/revistazetta.com\/wp-content\/uploads\/2016\/08\/EP1.jpg 570w\" sizes=\"auto, (max-width: 300px) 100vw, 300px\" \/> <img loading=\"lazy\" decoding=\"async\" class=\"alignright size-medium wp-image-14897\" src=\"https:\/\/www.revistazetta.com\/wp-content\/uploads\/2016\/08\/EP-300x187.jpg\" alt=\"EP\" width=\"300\" height=\"187\" srcset=\"https:\/\/revistazetta.com\/wp-content\/uploads\/2016\/08\/EP-300x187.jpg 300w, https:\/\/revistazetta.com\/wp-content\/uploads\/2016\/08\/EP-234x146.jpg 234w, https:\/\/revistazetta.com\/wp-content\/uploads\/2016\/08\/EP-50x31.jpg 50w, https:\/\/revistazetta.com\/wp-content\/uploads\/2016\/08\/EP-120x75.jpg 120w, https:\/\/revistazetta.com\/wp-content\/uploads\/2016\/08\/EP.jpg 570w\" sizes=\"auto, (max-width: 300px) 100vw, 300px\" \/><\/p>\n<p>\u201cEs una estrategia para acompa\u00f1ar\u00a0\u00a0y dotar a las familias y docentes de nuestros municipios en la defensa de los\u00a0\u00a0derechos\u00a0\u00a0de los ni\u00f1os, ni\u00f1as y adolescentes, espec\u00edficamente en sus derechos reproductivos, sexuales y en la prevenci\u00f3n de embarazos tempranos\u201d, precis\u00f3 William Sierra Diosa, Coordinador Regional del\u00a0\u00a0proyecto Construyendo Juntos Entornos Protectores.<\/p>\n<p>En su fase de formaci\u00f3n\u00a0\u00a0impactar\u00e1 a m\u00e1s de 1.100 personas de los municipios de Magangu\u00e9, San Pablo, Montecristo, San Jacinto, El Carmen de Bol\u00edvar, San Juan Nepomuceno y Cartagena.<\/p>\n<p>La idea es promover y contribuir \u00a0la reflexi\u00f3n de situaciones pasadas y presentes acerca de los recursos y dificultades que tienen para la protecci\u00f3n y el cuidado de los ni\u00f1os y adolescentes que d\u00eda a d\u00eda asisten al aula regular.<\/p>\n<p>&nbsp;<\/p>\n<p>Manuel Antonio Azuero Angulo, secretario de educaci\u00f3n de Bol\u00edvar, expres\u00f3 que los entornos protectores son un espacio en el que las personas responsables del bienestar de los chicos deben aunar esfuerzos para defender sus derechos y denunciar cualquier amenaza o vulneraci\u00f3n que ponga en riesgo la vida, integridad o el desarrollo de esta poblaci\u00f3n.<\/p>\n","protected":false},"excerpt":{"rendered":"<p>Fue socializado el proyecto de Cooperaci\u00f3n Internacional \u201cConstruyendo Juntos Entornos Protectores\u201d, celebrado entre el Ministerio de Educaci\u00f3n Nacional, Instituto Colombiano de Bienestar Familiar \u2013 ICBF, Organizaci\u00f3n de Estados Iberoamericanos- OEI, gracias a la iniciativa del gobierno departamental. Dicho proyecto se podr\u00e1 implementar en 6 municipios de Bol\u00edvar para construir espacios de informaci\u00f3n, formaci\u00f3n y reflexi\u00f3n de los entornos y ambientes escolares de los ni\u00f1os, j\u00f3venes y adultos en las escuelas oficiales de la subregi\u00f3n. \u201cEs una estrategia para acompa\u00f1ar\u00a0\u00a0y dotar a las familias y docentes de nuestros municipios en la&#8230; <\/p>\n","protected":false},"author":3,"featured_media":14895,"comment_status":"open","ping_status":"closed","sticky":false,"template":"","format":"standard","meta":{"footnotes":"","_links_to":"","_links_to_target":""},"categories":[75,33,80],"tags":[],"class_list":["post-14892","post","type-post","status-publish","format-standard","has-post-thumbnail","hentry","category-destacada","category-actualidad-bolivar","category-region"],"_links":{"self":[{"href":"https:\/\/revistazetta.com\/index.php?rest_route=\/wp\/v2\/posts\/14892","targetHints":{"allow":["GET"]}}],"collection":[{"href":"https:\/\/revistazetta.com\/index.php?rest_route=\/wp\/v2\/posts"}],"about":[{"href":"https:\/\/revistazetta.com\/index.php?rest_route=\/wp\/v2\/types\/post"}],"author":[{"embeddable":true,"href":"https:\/\/revistazetta.com\/index.php?rest_route=\/wp\/v2\/users\/3"}],"replies":[{"embeddable":true,"href":"https:\/\/revistazetta.com\/index.php?rest_route=%2Fwp%2Fv2%2Fcomments&post=14892"}],"version-history":[{"count":0,"href":"https:\/\/revistazetta.com\/index.php?rest_route=\/wp\/v2\/posts\/14892\/revisions"}],"wp:featuredmedia":[{"embeddable":true,"href":"https:\/\/revistazetta.com\/index.php?rest_route=\/wp\/v2\/media\/14895"}],"wp:attachment":[{"href":"https:\/\/revistazetta.com\/index.php?rest_route=%2Fwp%2Fv2%2Fmedia&parent=14892"}],"wp:term":[{"taxonomy":"category","embeddable":true,"href":"https:\/\/revistazetta.com\/index.php?rest_route=%2Fwp%2Fv2%2Fcategories&post=14892"},{"taxonomy":"post_tag","embeddable":true,"href":"https:\/\/revistazetta.com\/index.php?rest_route=%2Fwp%2Fv2%2Ftags&post=14892"}],"curies":[{"name":"wp","href":"https:\/\/api.w.org\/{rel}","templated":true}]}}