{"id":14893,"date":"2016-08-01T13:25:19","date_gmt":"2016-08-01T18:25:19","guid":{"rendered":"http:\/\/www.revistazetta.com\/?p=14893"},"modified":"2016-08-01T13:25:19","modified_gmt":"2016-08-01T18:25:19","slug":"bolivar-avanza-implementara-programa-anticontrabando","status":"publish","type":"post","link":"https:\/\/revistazetta.com\/?p=14893","title":{"rendered":"\u201cBol\u00edvar S\u00ed Avanza\u00bb implementar\u00e1 programa anticontrabando"},"content":{"rendered":"<p>Se llev\u00f3 a cabo una reuni\u00f3n entre la Federaci\u00f3n Nacional de Departamentos y la Gobernaci\u00f3n de Bol\u00edvar con el fin de implementar y poner en marcha el programa de anticontrabando en el departamento.<\/p>\n<p><img loading=\"lazy\" decoding=\"async\" class=\"alignright size-medium wp-image-14901\" src=\"https:\/\/www.revistazetta.com\/wp-content\/uploads\/2016\/08\/PAB-300x187.jpg\" alt=\"PAB\" width=\"300\" height=\"187\" srcset=\"https:\/\/revistazetta.com\/wp-content\/uploads\/2016\/08\/PAB-300x187.jpg 300w, https:\/\/revistazetta.com\/wp-content\/uploads\/2016\/08\/PAB-234x146.jpg 234w, https:\/\/revistazetta.com\/wp-content\/uploads\/2016\/08\/PAB-50x31.jpg 50w, https:\/\/revistazetta.com\/wp-content\/uploads\/2016\/08\/PAB-120x75.jpg 120w, https:\/\/revistazetta.com\/wp-content\/uploads\/2016\/08\/PAB.jpg 570w\" sizes=\"auto, (max-width: 300px) 100vw, 300px\" \/><\/p>\n<p>El pr\u00f3ximo 12 de agosto se va a realizar el lanzamiento oficial del programa, con todas las autoridades que de manera articulada van a trabajar con el prop\u00f3sito de contrarrestar la evasi\u00f3n de impuestos y el contrabando que afecta las rentas sujetas al costo del consumo esencialmente de licores, cigarrillos y cervezas.<\/p>\n<p>La idea es que ese d\u00eda se inaugure el trabajo coordinado y articulado con la Dian, Polfa y Polic\u00eda Nacional junto con la presencia de los representantes de los comerciantes como la C\u00e1mara de Comercio de Cartagena y Fenalco para que mancomunadamente se pueda avanzar y desarrollar el plan de acci\u00f3n propuesto de este convenio.<\/p>\n","protected":false},"excerpt":{"rendered":"<p>Se llev\u00f3 a cabo una reuni\u00f3n entre la Federaci\u00f3n Nacional de Departamentos y la Gobernaci\u00f3n de Bol\u00edvar con el fin de implementar y poner en marcha el programa de anticontrabando en el departamento. El pr\u00f3ximo 12 de agosto se va a realizar el lanzamiento oficial del programa, con todas las autoridades que de manera articulada van a trabajar con el prop\u00f3sito de contrarrestar la evasi\u00f3n de impuestos y el contrabando que afecta las rentas sujetas al costo del consumo esencialmente de licores, cigarrillos y cervezas. La idea es que ese&#8230; <\/p>\n","protected":false},"author":3,"featured_media":14894,"comment_status":"open","ping_status":"closed","sticky":false,"template":"","format":"standard","meta":{"footnotes":"","_links_to":"","_links_to_target":""},"categories":[2,33,80],"tags":[],"class_list":["post-14893","post","type-post","status-publish","format-standard","has-post-thumbnail","hentry","category-actualidad","category-actualidad-bolivar","category-region"],"_links":{"self":[{"href":"https:\/\/revistazetta.com\/index.php?rest_route=\/wp\/v2\/posts\/14893","targetHints":{"allow":["GET"]}}],"collection":[{"href":"https:\/\/revistazetta.com\/index.php?rest_route=\/wp\/v2\/posts"}],"about":[{"href":"https:\/\/revistazetta.com\/index.php?rest_route=\/wp\/v2\/types\/post"}],"author":[{"embeddable":true,"href":"https:\/\/revistazetta.com\/index.php?rest_route=\/wp\/v2\/users\/3"}],"replies":[{"embeddable":true,"href":"https:\/\/revistazetta.com\/index.php?rest_route=%2Fwp%2Fv2%2Fcomments&post=14893"}],"version-history":[{"count":0,"href":"https:\/\/revistazetta.com\/index.php?rest_route=\/wp\/v2\/posts\/14893\/revisions"}],"wp:featuredmedia":[{"embeddable":true,"href":"https:\/\/revistazetta.com\/index.php?rest_route=\/wp\/v2\/media\/14894"}],"wp:attachment":[{"href":"https:\/\/revistazetta.com\/index.php?rest_route=%2Fwp%2Fv2%2Fmedia&parent=14893"}],"wp:term":[{"taxonomy":"category","embeddable":true,"href":"https:\/\/revistazetta.com\/index.php?rest_route=%2Fwp%2Fv2%2Fcategories&post=14893"},{"taxonomy":"post_tag","embeddable":true,"href":"https:\/\/revistazetta.com\/index.php?rest_route=%2Fwp%2Fv2%2Ftags&post=14893"}],"curies":[{"name":"wp","href":"https:\/\/api.w.org\/{rel}","templated":true}]}}