{"id":14954,"date":"2016-08-04T19:35:01","date_gmt":"2016-08-05T00:35:01","guid":{"rendered":"http:\/\/www.revistazetta.com\/?p=14954"},"modified":"2016-08-05T07:51:38","modified_gmt":"2016-08-05T12:51:38","slug":"municipios-se-capacitan-los-alcances-gobierno-linea","status":"publish","type":"post","link":"https:\/\/revistazetta.com\/?p=14954","title":{"rendered":"Municipios se capacitan sobre los alcances de Gobierno en L\u00ednea"},"content":{"rendered":"<p style=\"text-align: justify;\">La Gobernaci\u00f3n de Bol\u00edvar y el Ministerio de las Tecnolog\u00edas de la informaci\u00f3n y las Comunicaciones, realiz\u00f3 una capacitaci\u00f3n a los representantes del \u00e1rea de sistemas y tecnolog\u00edas de las alcald\u00edas de los diferentes municipios del departamento.<\/p>\n<p style=\"text-align: justify;\">Este encuentro busca generar mayor eficiencia y transparencia en la gesti\u00f3n de las entidades p\u00fablicas del estado. La actividad tuvo lugar este jueves en el Tecnol\u00f3gico de Comfenalco.<\/p>\n<p style=\"text-align: justify;\">Viviana Bayuelo Serrano, directora de Desarrollo Econ\u00f3mico del departamento y consejera TIC para Bol\u00edvar, se\u00f1ala \u201cen el d\u00eda de hoy estamos trabajando con el programa de Gobierno en L\u00ednea, y esta es una actividad que nos permite conocer de cerca el estado sobre c\u00f3mo est\u00e1n los municipios a nivel de la conectividad y de los tr\u00e1mites que deben hacer con sus usuarios\u201d.<\/p>\n<p><img loading=\"lazy\" decoding=\"async\" class=\"alignright size-medium wp-image-14961\" src=\"https:\/\/www.revistazetta.com\/wp-content\/uploads\/2016\/08\/TIC1-300x187.jpg\" alt=\"TIC1\" width=\"300\" height=\"187\" srcset=\"https:\/\/revistazetta.com\/wp-content\/uploads\/2016\/08\/TIC1-300x187.jpg 300w, https:\/\/revistazetta.com\/wp-content\/uploads\/2016\/08\/TIC1-234x146.jpg 234w, https:\/\/revistazetta.com\/wp-content\/uploads\/2016\/08\/TIC1-50x31.jpg 50w, https:\/\/revistazetta.com\/wp-content\/uploads\/2016\/08\/TIC1-120x75.jpg 120w, https:\/\/revistazetta.com\/wp-content\/uploads\/2016\/08\/TIC1.jpg 570w\" sizes=\"auto, (max-width: 300px) 100vw, 300px\" \/> <img loading=\"lazy\" decoding=\"async\" class=\"alignright size-medium wp-image-14960\" src=\"https:\/\/www.revistazetta.com\/wp-content\/uploads\/2016\/08\/TIC-300x187.jpg\" alt=\"TIC\" width=\"300\" height=\"187\" srcset=\"https:\/\/revistazetta.com\/wp-content\/uploads\/2016\/08\/TIC-300x187.jpg 300w, https:\/\/revistazetta.com\/wp-content\/uploads\/2016\/08\/TIC-234x146.jpg 234w, https:\/\/revistazetta.com\/wp-content\/uploads\/2016\/08\/TIC-50x31.jpg 50w, https:\/\/revistazetta.com\/wp-content\/uploads\/2016\/08\/TIC-120x75.jpg 120w, https:\/\/revistazetta.com\/wp-content\/uploads\/2016\/08\/TIC.jpg 570w\" sizes=\"auto, (max-width: 300px) 100vw, 300px\" \/><\/p>\n<p>&nbsp;<\/p>\n<p>&nbsp;<\/p>\n<p>&nbsp;<\/p>\n<p style=\"text-align: justify;\">La capacitaci\u00f3n se realiza con el prop\u00f3sito de que los asistentes conozcan los \u00faltimos lineamientos trazados por el ministerio en lo referente a Gobierno en L\u00ednea, y con ello, superar cada vez los indicadores en el departamento en cuanto al uso e implementaci\u00f3n de esta herramienta. La invitaci\u00f3n se hizo a los 45 municipios, de los cuales asistieron 30, entre ellos: San Jacinto del Cauca, Arjona, Mar\u00eda la Baja, El Carmen de Bol\u00edvar, San Juan de Nepomuceno.<\/p>\n<p style=\"text-align: justify;\">\u201cNuestro prop\u00f3sito es capacitar a los municipios para que aprendan la administraci\u00f3n y funcionamiento de las p\u00e1ginas web que desde Gobierno en L\u00ednea nosotros proveemos\u201d, destaca Paola Acero, representante del ministerio.<\/p>\n<p style=\"text-align: justify;\">Helena Ch\u00e1vez, secretaria de hacienda del municipio de San Jacinto del Cauca, expres\u00f3 \u201cla actividad que estamos presenciando el d\u00eda de hoy, me ha parecido interesante porque los temas de las nuevas tecnolog\u00edas son de mucha importancia para el desarrollo de nuestro municipio\u201d.<\/p>\n","protected":false},"excerpt":{"rendered":"<p>La Gobernaci\u00f3n de Bol\u00edvar y el Ministerio de las Tecnolog\u00edas de la informaci\u00f3n y las Comunicaciones, realiz\u00f3 una capacitaci\u00f3n a los representantes del \u00e1rea de sistemas y tecnolog\u00edas de las alcald\u00edas de los diferentes municipios del departamento. Este encuentro busca generar mayor eficiencia y transparencia en la gesti\u00f3n de las entidades p\u00fablicas del estado. La actividad tuvo lugar este jueves en el Tecnol\u00f3gico de Comfenalco. Viviana Bayuelo Serrano, directora de Desarrollo Econ\u00f3mico del departamento y consejera TIC para Bol\u00edvar, se\u00f1ala \u201cen el d\u00eda de hoy estamos trabajando con el programa&#8230; <\/p>\n","protected":false},"author":3,"featured_media":14977,"comment_status":"open","ping_status":"closed","sticky":false,"template":"","format":"standard","meta":{"footnotes":"","_links_to":"","_links_to_target":""},"categories":[33,75],"tags":[],"class_list":["post-14954","post","type-post","status-publish","format-standard","has-post-thumbnail","hentry","category-actualidad-bolivar","category-destacada"],"_links":{"self":[{"href":"https:\/\/revistazetta.com\/index.php?rest_route=\/wp\/v2\/posts\/14954","targetHints":{"allow":["GET"]}}],"collection":[{"href":"https:\/\/revistazetta.com\/index.php?rest_route=\/wp\/v2\/posts"}],"about":[{"href":"https:\/\/revistazetta.com\/index.php?rest_route=\/wp\/v2\/types\/post"}],"author":[{"embeddable":true,"href":"https:\/\/revistazetta.com\/index.php?rest_route=\/wp\/v2\/users\/3"}],"replies":[{"embeddable":true,"href":"https:\/\/revistazetta.com\/index.php?rest_route=%2Fwp%2Fv2%2Fcomments&post=14954"}],"version-history":[{"count":0,"href":"https:\/\/revistazetta.com\/index.php?rest_route=\/wp\/v2\/posts\/14954\/revisions"}],"wp:featuredmedia":[{"embeddable":true,"href":"https:\/\/revistazetta.com\/index.php?rest_route=\/wp\/v2\/media\/14977"}],"wp:attachment":[{"href":"https:\/\/revistazetta.com\/index.php?rest_route=%2Fwp%2Fv2%2Fmedia&parent=14954"}],"wp:term":[{"taxonomy":"category","embeddable":true,"href":"https:\/\/revistazetta.com\/index.php?rest_route=%2Fwp%2Fv2%2Fcategories&post=14954"},{"taxonomy":"post_tag","embeddable":true,"href":"https:\/\/revistazetta.com\/index.php?rest_route=%2Fwp%2Fv2%2Ftags&post=14954"}],"curies":[{"name":"wp","href":"https:\/\/api.w.org\/{rel}","templated":true}]}}