{"id":14955,"date":"2016-08-04T19:34:12","date_gmt":"2016-08-05T00:34:12","guid":{"rendered":"http:\/\/www.revistazetta.com\/?p=14955"},"modified":"2016-08-04T19:34:12","modified_gmt":"2016-08-05T00:34:12","slug":"mias-no-sera-la-solucion-magica-los-problemas-del-sistema-salud","status":"publish","type":"post","link":"https:\/\/revistazetta.com\/?p=14955","title":{"rendered":"MIAS no ser\u00e1 la soluci\u00f3n m\u00e1gica a los problemas del sistema de salud"},"content":{"rendered":"<p>Finalmente se le dio continuaci\u00f3n y cumplimiento al debate sobre el modelo de salud de Cartagena, en el que se pudo concluir, seg\u00fan las intervenciones de los citados y de los miembros la corporaci\u00f3n, \u00a0que el Modelo de Atenci\u00f3n Integral en Salud, MIAS, que se pretende implementar en la ciudad, no resultar\u00e1 \u00a0la soluci\u00f3n m\u00e1gica \u00a0a los problemas en la prestaci\u00f3n del servicio de salud a los cartageneros.<\/p>\n<p>Este debate propuesto por el concejal \u00a0de la bancada de La U, Cesar Pi\u00f3n, y que hab\u00eda sido pospuesto por la inasistencia de algunos de los citados, esta vez s\u00ed cont\u00f3 con la presencia del personero distrital, William Matson, la contralora distrital, Nubia Fontalvo y un grupo representativo de las EPS. Tambi\u00e9n estuvo presente, como representante del Gobierno Departamental, C\u00e9sar Carcamo, la directora del DADIS , Adriana Meza y el gerente general de la ESE Hospital Cartagena de Indias, \u00c1lvaro Ruiz Campillo.<\/p>\n<p>La inexistencia de un verdadero modelo de salud, \u00a0carencias en infraestructura y dotaci\u00f3n para este sistema, la gran deuda por 100 mil millones de pesos que tiene el DADIS, inhumanizaci\u00f3n de las EPS en la atenci\u00f3n a pacientes, burocratizaci\u00f3n de la salud, saturaci\u00f3n de pacientes en las urgencias sumado a un nuevo modelo que promete cambiar esta situaci\u00f3n, son el panorama recreado por los participantes del debate.<\/p>\n<p><img loading=\"lazy\" decoding=\"async\" class=\"alignright size-medium wp-image-14958\" src=\"https:\/\/www.revistazetta.com\/wp-content\/uploads\/2016\/08\/mias1-300x187.jpg\" alt=\"mias1\" width=\"300\" height=\"187\" srcset=\"https:\/\/revistazetta.com\/wp-content\/uploads\/2016\/08\/mias1-300x187.jpg 300w, https:\/\/revistazetta.com\/wp-content\/uploads\/2016\/08\/mias1-234x146.jpg 234w, https:\/\/revistazetta.com\/wp-content\/uploads\/2016\/08\/mias1-50x31.jpg 50w, https:\/\/revistazetta.com\/wp-content\/uploads\/2016\/08\/mias1-120x75.jpg 120w, https:\/\/revistazetta.com\/wp-content\/uploads\/2016\/08\/mias1.jpg 570w\" sizes=\"auto, (max-width: 300px) 100vw, 300px\" \/><\/p>\n<p>Pi\u00f3n no mostr\u00f3 mucha fe en este nuevo modelo y dej\u00f3 claro que para que este funcione es necesario atender el problema de fondo que atraviesa el sistema de salud para lo cual es importante que en el gasto p\u00fablico se priorice en salud.<\/p>\n<p>Por su parte, la directora del DADIS\u00a0expres\u00f3 que el camino que se debe tomar para que el nuevo modelo pueda aplicarse efectivamente es el de \u201cafiliar a m\u00e1s personas al sistema de salud y disminuir los costos\u201d. Meza Hizo \u00e9nfasis nuevamente en la necesidad de los cartageneros de contar con un modelo de salud \u00a0preventivo que permita acciones oportunas.<\/p>\n<p>Ruiz campillo, \u00a0refiri\u00e9ndose al problema de la saturaci\u00f3n de pacientes en las urgencias; convertidas en la \u00fanica opci\u00f3n a la que acuden los usuarios al no recibir el servicio que demandan de las EPS, considera que una buena medida para tratar esta situaci\u00f3n es ampliar las horas de consulta externa, que permitan detectar y atender enfermedades que lo requieran y al mismo tiempo no se entorpezca el tratamiento de los casos que verdaderamente ameritan ser tratados de manera urgente.<\/p>\n<p>Un punto positivo que se destac\u00f3 de este nuevo modelo es que el DADIS\u00a0se encargar\u00eda de avalar la red de prestadores de servicios de las EPS; as\u00ed lo manifest\u00f3 el personero distrital quien tambi\u00e9n aprovecho para advertir a los representantes de las EPS presentes que, siendo que\u00a0estas hacen caso omiso a las tutelas presentadas por los usuarios que piden ser atendidos, de seguir neg\u00e1ndoles esta atenci\u00f3n tambi\u00e9n podr\u00edan ser acusadas por homicidio culposo.<\/p>\n<p>\u201cAntes dec\u00eda uno, la tutela es un prerrequisito para que se pueda prestar un servicio de salud, pero ahora tenemos que decir: el incidente de desacato de tutela es prerrequisito para que sean atendidos lo usuarios de la salud\u2026hoy los personeros de Colombia tenemos que amenazar por omisi\u00f3n de socorro\u00a0 para que los usuarios puedan ser atendidos\u201d, manifest\u00f3 Matson.<\/p>\n<p>El personero tambi\u00e9n habl\u00f3 sobre la Atenci\u00f3n Inicial de Urgencias, medida que a\u00fan se presenta en Cartagena y que pone de manifiesto una problem\u00e1tica en la que los vigilantes de los centros de salud se les han venido dando funciones para determinar si un caso medico se categoriza como urgente o no. le recuerda a los centros de salud que los vigilantes no hacen parte de la misi\u00f3n medica y pide al\u00a0DADIS, se haga vigilancia de estos casos<\/p>\n<p>Durante su intervenci\u00f3n, Cesar Carcamo tambi\u00e9n hizo un llamado a las EPS, a quienes calific\u00f3 como perversas por su tratamiento hacia los pacientes. Al igual que el concejal Pi\u00f3n considera que MIAS no funcionar\u00e1 para Cartagena mientras no se resuelva de fondo el problema de la salud, sin embargo, guarda esperanzas y asegura \u201csi tenemos la voluntad pol\u00edtica y social si lo vamos a conseguir\u201d<\/p>\n<p>El concejal David caballero quiso tambi\u00e9n presentar su postura sobre el tema y aseguro que \u00e9l, como poco conocedor del sistema de salud, hace un llamado y una propuesta desde lo social y humano a las EPS para que dejen de ver a los pacientes como un simple n\u00famero de afiliados y les brinden la atenci\u00f3n que merecen. Igualmente desde un aspecto financiero, hablo sobre \u201cel mejor negocio de las EPS\u201d, refiri\u00e9ndose a los millones que estas obtiene por sus afiliados, sean atendidos o no, \u00a0y lo incomprensible que resulta que teniendo los recursos, les niegue la atenci\u00f3n.<\/p>\n","protected":false},"excerpt":{"rendered":"<p>Finalmente se le dio continuaci\u00f3n y cumplimiento al debate sobre el modelo de salud de Cartagena, en el que se pudo concluir, seg\u00fan las intervenciones de los citados y de los miembros la corporaci\u00f3n, \u00a0que el Modelo de Atenci\u00f3n Integral en Salud, MIAS, que se pretende implementar en la ciudad, no resultar\u00e1 \u00a0la soluci\u00f3n m\u00e1gica \u00a0a los problemas en la prestaci\u00f3n del servicio de salud a los cartageneros. Este debate propuesto por el concejal \u00a0de la bancada de La U, Cesar Pi\u00f3n, y que hab\u00eda sido pospuesto por la inasistencia&#8230; <\/p>\n","protected":false},"author":3,"featured_media":14957,"comment_status":"open","ping_status":"closed","sticky":false,"template":"","format":"standard","meta":{"footnotes":"","_links_to":"","_links_to_target":""},"categories":[4,27],"tags":[],"class_list":["post-14955","post","type-post","status-publish","format-standard","has-post-thumbnail","hentry","category-politica","category-politicaconcejo"],"_links":{"self":[{"href":"https:\/\/revistazetta.com\/index.php?rest_route=\/wp\/v2\/posts\/14955","targetHints":{"allow":["GET"]}}],"collection":[{"href":"https:\/\/revistazetta.com\/index.php?rest_route=\/wp\/v2\/posts"}],"about":[{"href":"https:\/\/revistazetta.com\/index.php?rest_route=\/wp\/v2\/types\/post"}],"author":[{"embeddable":true,"href":"https:\/\/revistazetta.com\/index.php?rest_route=\/wp\/v2\/users\/3"}],"replies":[{"embeddable":true,"href":"https:\/\/revistazetta.com\/index.php?rest_route=%2Fwp%2Fv2%2Fcomments&post=14955"}],"version-history":[{"count":0,"href":"https:\/\/revistazetta.com\/index.php?rest_route=\/wp\/v2\/posts\/14955\/revisions"}],"wp:featuredmedia":[{"embeddable":true,"href":"https:\/\/revistazetta.com\/index.php?rest_route=\/wp\/v2\/media\/14957"}],"wp:attachment":[{"href":"https:\/\/revistazetta.com\/index.php?rest_route=%2Fwp%2Fv2%2Fmedia&parent=14955"}],"wp:term":[{"taxonomy":"category","embeddable":true,"href":"https:\/\/revistazetta.com\/index.php?rest_route=%2Fwp%2Fv2%2Fcategories&post=14955"},{"taxonomy":"post_tag","embeddable":true,"href":"https:\/\/revistazetta.com\/index.php?rest_route=%2Fwp%2Fv2%2Ftags&post=14955"}],"curies":[{"name":"wp","href":"https:\/\/api.w.org\/{rel}","templated":true}]}}