{"id":14967,"date":"2016-08-04T19:54:50","date_gmt":"2016-08-05T00:54:50","guid":{"rendered":"http:\/\/www.revistazetta.com\/?p=14967"},"modified":"2016-08-04T19:54:50","modified_gmt":"2016-08-05T00:54:50","slug":"santa-rita-plaza-piloto-mercados-sectoriales-la-heroica","status":"publish","type":"post","link":"https:\/\/revistazetta.com\/?p=14967","title":{"rendered":"El Santa Rita Plaza; piloto de mercados sectoriales de la Heroica"},"content":{"rendered":"<p>La Alcald\u00eda, a trav\u00e9s de la Escuela de Gobierno y Liderazgo, lanz\u00f3 la campa\u00f1a \u2018En Santa Rita Nos Vemos\u2019, con una rueda de prensa que \u00a0estuvo presidida por el alcalde de Cartagena, Manolo Duque y el secretario de Infraestructura, Wilson Herrera D\u00edaz.<\/p>\n<p>De acuerdo con la administraci\u00f3n distrital, esta estrategia busca dar inicio al pr\u00f3ximo proceso de apertura del mercado Minorista Santa Rita Plaza, previsto para dentro de pocas semanas, sensibilizar y empoderar a todos los cartageneros en el cuidado y conservaci\u00f3n de esta plaza.<\/p>\n<p><img loading=\"lazy\" decoding=\"async\" class=\"alignright size-medium wp-image-14968\" src=\"https:\/\/www.revistazetta.com\/wp-content\/uploads\/2016\/08\/SRP-300x187.jpg\" alt=\"SRP\" width=\"300\" height=\"187\" srcset=\"https:\/\/revistazetta.com\/wp-content\/uploads\/2016\/08\/SRP-300x187.jpg 300w, https:\/\/revistazetta.com\/wp-content\/uploads\/2016\/08\/SRP-234x146.jpg 234w, https:\/\/revistazetta.com\/wp-content\/uploads\/2016\/08\/SRP-50x31.jpg 50w, https:\/\/revistazetta.com\/wp-content\/uploads\/2016\/08\/SRP-120x75.jpg 120w, https:\/\/revistazetta.com\/wp-content\/uploads\/2016\/08\/SRP.jpg 570w\" sizes=\"auto, (max-width: 300px) 100vw, 300px\" \/><\/p>\n<p>El secretario de Infraestructura del Distrito, Wilson Herrera D\u00edaz, explic\u00f3 que \u201ca trav\u00e9s de un acuerdo aprobado por el Concejo de Cartagena invertiremos 1.700 millones de pesos en dotaci\u00f3n uniforme de todos los locales comerciales de Santa Rita Plaza, con el fin de entregarles a los comerciantes un espacio donde puedan desarrollar su labor inmediatamente. Solo tienen que traer la mercanc\u00eda y empezar a vender\u201d.<\/p>\n<p>Duque manifest\u00f3 que este Centro Comercial ser\u00e1 para el gobierno distrital un piloto de lo que ser\u00e1n los mercados sectoriales en la Heroica, y que el mismo se podr\u00e1 en funcionamiento en octubre o comienzos de noviembre.<br \/>\n<img loading=\"lazy\" decoding=\"async\" class=\"alignright size-medium wp-image-14970\" src=\"https:\/\/www.revistazetta.com\/wp-content\/uploads\/2016\/08\/SRP2-300x187.jpg\" alt=\"SRP2\" width=\"300\" height=\"187\" srcset=\"https:\/\/revistazetta.com\/wp-content\/uploads\/2016\/08\/SRP2-300x187.jpg 300w, https:\/\/revistazetta.com\/wp-content\/uploads\/2016\/08\/SRP2-234x146.jpg 234w, https:\/\/revistazetta.com\/wp-content\/uploads\/2016\/08\/SRP2-50x31.jpg 50w, https:\/\/revistazetta.com\/wp-content\/uploads\/2016\/08\/SRP2-120x75.jpg 120w, https:\/\/revistazetta.com\/wp-content\/uploads\/2016\/08\/SRP2.jpg 570w\" sizes=\"auto, (max-width: 300px) 100vw, 300px\" \/><\/p>\n<p>\u201cSanta Rita ser\u00e1 ejemplo por la salubridad, por la cultura, por las capacitaciones que recibir\u00e1n los vendedores y por la gran mejor\u00eda que tendr\u00e1 el entorno. A esto es que le vamos a apostar. No queremos que los cartageneros, visitantes y extranjeros hablen de mercado como sin\u00f3nimo de inmundicia. Esto no puede suceder en este mercado, que debe ser visto como un lugar donde los cartageneros puedan comprar y encuentren un lugar totalmente limpio\u201d, dijo el Alcalde.<\/p>\n<p>Adem\u00e1s anunci\u00f3 la puesta en marcha de la etapa log\u00edstica del mercado de Santa Rita, que est\u00e1 a cargo de la Secretar\u00eda de Infraestructura. \u201cSanta Rita ser\u00e1 un \u00e9xito rotundo por ustedes los comerciantes, que han esperado pese a todas las dificultades que se han presentado a lo largo de este proceso, y por la gente que har\u00e1 de este lugar un centro de comercio\u201d, dijo.<\/p>\n<p><strong>Qu\u00e9 viene ahora<\/strong><\/p>\n<p>Tanto el alcalde Manolo Duque como el secretario de Infraestructura, Wilson Herrera, dijeron que en los pr\u00f3ximos 15 d\u00edas se abrir\u00e1 una licitaci\u00f3n para adquirir la dotaci\u00f3n necesaria para poner en funcionamiento el mercado. Una vez publicada la licitaci\u00f3n y los pliegos, se adjudicar\u00e1 la compra de los bienes.<\/p>\n<p>Este proceso debe durar entre 45 d\u00edas y 2 meses. Posteriormente se tendr\u00e1n otros 20 d\u00edas para la instalaci\u00f3n de los equipos y se espera que a finales de octubre o principios de noviembre se entregue el Centro Comercial Santa Rita Plaza.<br \/>\nEl veedor ciudadano Rafael Caraballo, mostr\u00f3 su complacencia por la nueva realidad del mercado. \u201cHemos luchado durante ocho a\u00f1os continuos, sin descanso para que hoy no solo los comerciantes sino las comunidades tengan lo que tanto so\u00f1aron.<\/p>\n<p>\u201cFueron m\u00e1s de 40 mesas de trabajo con funcionarios, con entes de control, m\u00e1s de 120 derechos de petici\u00f3n y tutelas para hacer un seguimiento a esta gran obra. Destaco la ayuda lo comerciantes de la asociaci\u00f3n de comerciantes Acodesar, de las organizaciones sociales y de la gente\u201d, sostuvo.<\/p>\n<p>Felicit\u00f3 al Alcalde porque volvi\u00f3 a abrir un espacio a las organizaciones sociales y tom\u00f3 como referencia a Yolanda Wong, directora de la Escuela de Gobierno del Distrito, a quien calific\u00f3 como prenda de garant\u00eda para que las veedur\u00edas puedan contar con voz.<\/p>\n","protected":false},"excerpt":{"rendered":"<p>La Alcald\u00eda, a trav\u00e9s de la Escuela de Gobierno y Liderazgo, lanz\u00f3 la campa\u00f1a \u2018En Santa Rita Nos Vemos\u2019, con una rueda de prensa que \u00a0estuvo presidida por el alcalde de Cartagena, Manolo Duque y el secretario de Infraestructura, Wilson Herrera D\u00edaz. De acuerdo con la administraci\u00f3n distrital, esta estrategia busca dar inicio al pr\u00f3ximo proceso de apertura del mercado Minorista Santa Rita Plaza, previsto para dentro de pocas semanas, sensibilizar y empoderar a todos los cartageneros en el cuidado y conservaci\u00f3n de esta plaza. El secretario de Infraestructura del&#8230; <\/p>\n","protected":false},"author":3,"featured_media":14969,"comment_status":"open","ping_status":"closed","sticky":false,"template":"","format":"standard","meta":{"footnotes":"","_links_to":"","_links_to_target":""},"categories":[32,75],"tags":[],"class_list":["post-14967","post","type-post","status-publish","format-standard","has-post-thumbnail","hentry","category-actualidad-distrito","category-destacada"],"_links":{"self":[{"href":"https:\/\/revistazetta.com\/index.php?rest_route=\/wp\/v2\/posts\/14967","targetHints":{"allow":["GET"]}}],"collection":[{"href":"https:\/\/revistazetta.com\/index.php?rest_route=\/wp\/v2\/posts"}],"about":[{"href":"https:\/\/revistazetta.com\/index.php?rest_route=\/wp\/v2\/types\/post"}],"author":[{"embeddable":true,"href":"https:\/\/revistazetta.com\/index.php?rest_route=\/wp\/v2\/users\/3"}],"replies":[{"embeddable":true,"href":"https:\/\/revistazetta.com\/index.php?rest_route=%2Fwp%2Fv2%2Fcomments&post=14967"}],"version-history":[{"count":0,"href":"https:\/\/revistazetta.com\/index.php?rest_route=\/wp\/v2\/posts\/14967\/revisions"}],"wp:featuredmedia":[{"embeddable":true,"href":"https:\/\/revistazetta.com\/index.php?rest_route=\/wp\/v2\/media\/14969"}],"wp:attachment":[{"href":"https:\/\/revistazetta.com\/index.php?rest_route=%2Fwp%2Fv2%2Fmedia&parent=14967"}],"wp:term":[{"taxonomy":"category","embeddable":true,"href":"https:\/\/revistazetta.com\/index.php?rest_route=%2Fwp%2Fv2%2Fcategories&post=14967"},{"taxonomy":"post_tag","embeddable":true,"href":"https:\/\/revistazetta.com\/index.php?rest_route=%2Fwp%2Fv2%2Ftags&post=14967"}],"curies":[{"name":"wp","href":"https:\/\/api.w.org\/{rel}","templated":true}]}}