{"id":14973,"date":"2016-08-05T07:03:36","date_gmt":"2016-08-05T12:03:36","guid":{"rendered":"http:\/\/www.revistazetta.com\/?p=14973"},"modified":"2016-08-05T07:17:09","modified_gmt":"2016-08-05T12:17:09","slug":"electricaribe-desplante-santos-al-caribe","status":"publish","type":"post","link":"https:\/\/revistazetta.com\/?p=14973","title":{"rendered":"Desplante: Gobierno Santos no se une al coro contra Electricaribe"},"content":{"rendered":"<p>El gobierno del presidente Juan Manuel Santos confirm\u00f3 que no piensa apretarle las tuercas a Electricaribe, y que prefiere quedar bien con un inversionista espa\u00f1ol, a costa del bienestar de la regi\u00f3n Caribe.<\/p>\n<p>As\u00ed fue interpretado el desplante hecho por el nuevo superintendente de Servicios P\u00fablicos, Jos\u00e9 Miguel Mendoza, a la reuni\u00f3n de gobernadores del Caribe congregados en la sede de la Gobernaci\u00f3n de Bol\u00edvar en Turbaco.<\/p>\n<p>Los gobernantes regionales enarbolaron pancartas en las que exig\u00edan la intervenci\u00f3n de Electricaribe, y el superintendente eludi\u00f3 expresamente cumplir la cita. Lo esperaron y lo esperaron todo el d\u00eda, pero se argument\u00f3 que ten\u00eda compromisos en un foro acad\u00e9mico en el hotel Las Am\u00e9ricas en La Boquilla.<\/p>\n<p>La costa Caribe fue decisiva para el triunfo de Santos en sus dos elecciones presidenciales, pero el mandatario no ha correspondido a la regi\u00f3n. Aunque se ufana de multimillonarias inversiones, el rezago es descomunal en lo social, y aspectos medulares como la prestaci\u00f3n del servicio de energ\u00eda no son contemplados.<\/p>\n<p>A los gobernadores no les qued\u00f3 otra que reafirmarse en lo se\u00f1alado por el anfitri\u00f3n, Dumek Turbay, que retrat\u00f3 la pol\u00edtica c\u00ednica de la empresa comercializadora de energ\u00eda el\u00e9ctrica, y esgrimi\u00f3 las razones que justifican una intervenci\u00f3n.<\/p>\n<p>&nbsp;<\/p>\n","protected":false},"excerpt":{"rendered":"<p>El gobierno del presidente Juan Manuel Santos confirm\u00f3 que no piensa apretarle las tuercas a Electricaribe, y que prefiere quedar bien con un inversionista espa\u00f1ol, a costa del bienestar de la regi\u00f3n Caribe. As\u00ed fue interpretado el desplante hecho por el nuevo superintendente de Servicios P\u00fablicos, Jos\u00e9 Miguel Mendoza, a la reuni\u00f3n de gobernadores del Caribe congregados en la sede de la Gobernaci\u00f3n de Bol\u00edvar en Turbaco. Los gobernantes regionales enarbolaron pancartas en las que exig\u00edan la intervenci\u00f3n de Electricaribe, y el superintendente eludi\u00f3 expresamente cumplir la cita. Lo esperaron&#8230; <\/p>\n","protected":false},"author":3,"featured_media":14975,"comment_status":"open","ping_status":"closed","sticky":false,"template":"","format":"standard","meta":{"footnotes":"","_links_to":"","_links_to_target":""},"categories":[2,34,75],"tags":[],"class_list":["post-14973","post","type-post","status-publish","format-standard","has-post-thumbnail","hentry","category-actualidad","category-actualidad-caribe","category-destacada"],"_links":{"self":[{"href":"https:\/\/revistazetta.com\/index.php?rest_route=\/wp\/v2\/posts\/14973","targetHints":{"allow":["GET"]}}],"collection":[{"href":"https:\/\/revistazetta.com\/index.php?rest_route=\/wp\/v2\/posts"}],"about":[{"href":"https:\/\/revistazetta.com\/index.php?rest_route=\/wp\/v2\/types\/post"}],"author":[{"embeddable":true,"href":"https:\/\/revistazetta.com\/index.php?rest_route=\/wp\/v2\/users\/3"}],"replies":[{"embeddable":true,"href":"https:\/\/revistazetta.com\/index.php?rest_route=%2Fwp%2Fv2%2Fcomments&post=14973"}],"version-history":[{"count":0,"href":"https:\/\/revistazetta.com\/index.php?rest_route=\/wp\/v2\/posts\/14973\/revisions"}],"wp:featuredmedia":[{"embeddable":true,"href":"https:\/\/revistazetta.com\/index.php?rest_route=\/wp\/v2\/media\/14975"}],"wp:attachment":[{"href":"https:\/\/revistazetta.com\/index.php?rest_route=%2Fwp%2Fv2%2Fmedia&parent=14973"}],"wp:term":[{"taxonomy":"category","embeddable":true,"href":"https:\/\/revistazetta.com\/index.php?rest_route=%2Fwp%2Fv2%2Fcategories&post=14973"},{"taxonomy":"post_tag","embeddable":true,"href":"https:\/\/revistazetta.com\/index.php?rest_route=%2Fwp%2Fv2%2Ftags&post=14973"}],"curies":[{"name":"wp","href":"https:\/\/api.w.org\/{rel}","templated":true}]}}