{"id":14978,"date":"2016-08-05T16:30:59","date_gmt":"2016-08-05T21:30:59","guid":{"rendered":"http:\/\/www.revistazetta.com\/?p=14978"},"modified":"2016-08-05T16:30:59","modified_gmt":"2016-08-05T21:30:59","slug":"turbay-minsalud-hablando-salud-victimas-posconflicto-carmen","status":"publish","type":"post","link":"https:\/\/revistazetta.com\/?p=14978","title":{"rendered":"Turbay y Minsalud hablando de salud, victimas y posconflicto en El Carmen"},"content":{"rendered":"<p>El gobernador de Bol\u00edvar Dumek Turbay, lleg\u00f3 a El Carmen de Bol\u00edvar en compa\u00f1\u00eda del ministro de Salud y Protecci\u00f3n Social, Alejandro Gaviria; con el fin de escuchar a la comunidad y realizar un diagn\u00f3stico del estado de la Ese Hospital Nuestra Se\u00f1ora del Carmen.<\/p>\n<p>Diversos temas se dialogaron con directivos del hospital y con el alcalde de El Carmen, Rafael Gallo; atenci\u00f3n, traslados, un buen servicio de urgencias, entre otros que conllevan a brindar un servicio de salud de calidad.<\/p>\n<p><img loading=\"lazy\" decoding=\"async\" class=\"alignright size-medium wp-image-14987\" src=\"https:\/\/www.revistazetta.com\/wp-content\/uploads\/2016\/08\/SVP4-300x187.jpg\" alt=\"SVP4\" width=\"300\" height=\"187\" srcset=\"https:\/\/revistazetta.com\/wp-content\/uploads\/2016\/08\/SVP4-300x187.jpg 300w, https:\/\/revistazetta.com\/wp-content\/uploads\/2016\/08\/SVP4-234x146.jpg 234w, https:\/\/revistazetta.com\/wp-content\/uploads\/2016\/08\/SVP4-50x31.jpg 50w, https:\/\/revistazetta.com\/wp-content\/uploads\/2016\/08\/SVP4-120x75.jpg 120w, https:\/\/revistazetta.com\/wp-content\/uploads\/2016\/08\/SVP4.jpg 570w\" sizes=\"auto, (max-width: 300px) 100vw, 300px\" \/><br \/>\n<img loading=\"lazy\" decoding=\"async\" class=\"alignright size-medium wp-image-14986\" src=\"https:\/\/www.revistazetta.com\/wp-content\/uploads\/2016\/08\/SVP3-300x187.jpg\" alt=\"SVP3\" width=\"300\" height=\"187\" srcset=\"https:\/\/revistazetta.com\/wp-content\/uploads\/2016\/08\/SVP3-300x187.jpg 300w, https:\/\/revistazetta.com\/wp-content\/uploads\/2016\/08\/SVP3-234x146.jpg 234w, https:\/\/revistazetta.com\/wp-content\/uploads\/2016\/08\/SVP3-50x31.jpg 50w, https:\/\/revistazetta.com\/wp-content\/uploads\/2016\/08\/SVP3-120x75.jpg 120w, https:\/\/revistazetta.com\/wp-content\/uploads\/2016\/08\/SVP3.jpg 570w\" sizes=\"auto, (max-width: 300px) 100vw, 300px\" \/>El ministro Gaviria, dej\u00f3 claro que la ESE no se puede cerrar, sino seguir trabajando para mejorar sus servicios en todo sentido. Tanto gobernador como ministro hicieron un recorrido por el Hospital con el fin de mirar de cerca el estado del centro de salud y saber detalladamente lo que est\u00e9 necesita.<\/p>\n<p>Posteriormente ambos hicieron parte del Segundo Foro Regional \u00abEncuentro de V\u00edctimas, Paz y Posconflicto\u201d, al que tambi\u00e9n asistieron l\u00edderes de opini\u00f3n nacional como\u00a0 el senador Juan Manuel Gal\u00e1n; los representantes a la C\u00e1mara, Silvio Carrasquilla y Clara Rojas; el alcalde de El Carmen de Bol\u00edvar, Rafael Gallo; directora Nacional del Departamento de Prosperidad Social, DPS, Tatiana Orozco, la embajadora de Suecia en Colombia, entre otras personalidades.<\/p>\n<p><img loading=\"lazy\" decoding=\"async\" class=\"size-medium wp-image-14984 alignleft\" src=\"https:\/\/www.revistazetta.com\/wp-content\/uploads\/2016\/08\/SVP-300x187.jpg\" alt=\"SVP\" width=\"300\" height=\"187\" srcset=\"https:\/\/revistazetta.com\/wp-content\/uploads\/2016\/08\/SVP-300x187.jpg 300w, https:\/\/revistazetta.com\/wp-content\/uploads\/2016\/08\/SVP-234x146.jpg 234w, https:\/\/revistazetta.com\/wp-content\/uploads\/2016\/08\/SVP-50x31.jpg 50w, https:\/\/revistazetta.com\/wp-content\/uploads\/2016\/08\/SVP-120x75.jpg 120w, https:\/\/revistazetta.com\/wp-content\/uploads\/2016\/08\/SVP.jpg 570w\" sizes=\"auto, (max-width: 300px) 100vw, 300px\" \/><\/p>\n<p><img loading=\"lazy\" decoding=\"async\" class=\"size-medium wp-image-14985 alignleft\" src=\"https:\/\/www.revistazetta.com\/wp-content\/uploads\/2016\/08\/SVP2-300x187.jpg\" alt=\"SVP2\" width=\"300\" height=\"187\" srcset=\"https:\/\/revistazetta.com\/wp-content\/uploads\/2016\/08\/SVP2-300x187.jpg 300w, https:\/\/revistazetta.com\/wp-content\/uploads\/2016\/08\/SVP2-234x146.jpg 234w, https:\/\/revistazetta.com\/wp-content\/uploads\/2016\/08\/SVP2-50x31.jpg 50w, https:\/\/revistazetta.com\/wp-content\/uploads\/2016\/08\/SVP2-120x75.jpg 120w, https:\/\/revistazetta.com\/wp-content\/uploads\/2016\/08\/SVP2.jpg 570w\" sizes=\"auto, (max-width: 300px) 100vw, 300px\" \/><\/p>\n","protected":false},"excerpt":{"rendered":"<p>El gobernador de Bol\u00edvar Dumek Turbay, lleg\u00f3 a El Carmen de Bol\u00edvar en compa\u00f1\u00eda del ministro de Salud y Protecci\u00f3n Social, Alejandro Gaviria; con el fin de escuchar a la comunidad y realizar un diagn\u00f3stico del estado de la Ese Hospital Nuestra Se\u00f1ora del Carmen. Diversos temas se dialogaron con directivos del hospital y con el alcalde de El Carmen, Rafael Gallo; atenci\u00f3n, traslados, un buen servicio de urgencias, entre otros que conllevan a brindar un servicio de salud de calidad. El ministro Gaviria, dej\u00f3 claro que la ESE no&#8230; <\/p>\n","protected":false},"author":3,"featured_media":14988,"comment_status":"open","ping_status":"closed","sticky":false,"template":"","format":"standard","meta":{"footnotes":"","_links_to":"","_links_to_target":""},"categories":[33],"tags":[],"class_list":["post-14978","post","type-post","status-publish","format-standard","has-post-thumbnail","hentry","category-actualidad-bolivar"],"_links":{"self":[{"href":"https:\/\/revistazetta.com\/index.php?rest_route=\/wp\/v2\/posts\/14978","targetHints":{"allow":["GET"]}}],"collection":[{"href":"https:\/\/revistazetta.com\/index.php?rest_route=\/wp\/v2\/posts"}],"about":[{"href":"https:\/\/revistazetta.com\/index.php?rest_route=\/wp\/v2\/types\/post"}],"author":[{"embeddable":true,"href":"https:\/\/revistazetta.com\/index.php?rest_route=\/wp\/v2\/users\/3"}],"replies":[{"embeddable":true,"href":"https:\/\/revistazetta.com\/index.php?rest_route=%2Fwp%2Fv2%2Fcomments&post=14978"}],"version-history":[{"count":0,"href":"https:\/\/revistazetta.com\/index.php?rest_route=\/wp\/v2\/posts\/14978\/revisions"}],"wp:featuredmedia":[{"embeddable":true,"href":"https:\/\/revistazetta.com\/index.php?rest_route=\/wp\/v2\/media\/14988"}],"wp:attachment":[{"href":"https:\/\/revistazetta.com\/index.php?rest_route=%2Fwp%2Fv2%2Fmedia&parent=14978"}],"wp:term":[{"taxonomy":"category","embeddable":true,"href":"https:\/\/revistazetta.com\/index.php?rest_route=%2Fwp%2Fv2%2Fcategories&post=14978"},{"taxonomy":"post_tag","embeddable":true,"href":"https:\/\/revistazetta.com\/index.php?rest_route=%2Fwp%2Fv2%2Ftags&post=14978"}],"curies":[{"name":"wp","href":"https:\/\/api.w.org\/{rel}","templated":true}]}}