{"id":14989,"date":"2016-08-05T16:38:09","date_gmt":"2016-08-05T21:38:09","guid":{"rendered":"http:\/\/www.revistazetta.com\/?p=14989"},"modified":"2016-08-05T16:38:09","modified_gmt":"2016-08-05T21:38:09","slug":"gobernacion-bolivar-comprometida-la-lactancia-materna","status":"publish","type":"post","link":"https:\/\/revistazetta.com\/?p=14989","title":{"rendered":"Gobernaci\u00f3n de Bol\u00edvar comprometida con la lactancia materna"},"content":{"rendered":"<p>En el marco de la conmemoraci\u00f3n de la semana mundial de la lactancia materna, la Secretar\u00eda de Salud departamental y la direcci\u00f3n de Desarrollo Social, se reunieron con las madres gestantes y lactantes del municipio de El Carmen de Bol\u00edvar para compartirles acerca de los beneficios de la lactancia materna como una forma de garantizar la adecuada nutrici\u00f3n de los ni\u00f1os y su protecci\u00f3n ante eventuales enfermedades.<\/p>\n<p><img loading=\"lazy\" decoding=\"async\" class=\"alignright size-medium wp-image-14983\" src=\"https:\/\/www.revistazetta.com\/wp-content\/uploads\/2016\/08\/LM2-300x187.jpg\" alt=\"LM2\" width=\"300\" height=\"187\" srcset=\"https:\/\/revistazetta.com\/wp-content\/uploads\/2016\/08\/LM2-300x187.jpg 300w, https:\/\/revistazetta.com\/wp-content\/uploads\/2016\/08\/LM2-234x146.jpg 234w, https:\/\/revistazetta.com\/wp-content\/uploads\/2016\/08\/LM2-50x31.jpg 50w, https:\/\/revistazetta.com\/wp-content\/uploads\/2016\/08\/LM2-120x75.jpg 120w, https:\/\/revistazetta.com\/wp-content\/uploads\/2016\/08\/LM2.jpg 570w\" sizes=\"auto, (max-width: 300px) 100vw, 300px\" \/><\/p>\n<p>El encuentro tuvo lugar en la ESE hospital Nuestra Se\u00f1ora del Carmen. El Gobierno Departamental, a trav\u00e9s de esta actividad busca reafirmar su compromiso con las mujeres de todo el departamento; \u201ceste gobierno tiene una especial atenci\u00f3n en las mujeres que habitan la subregi\u00f3n de los Montes de Mar\u00eda, y con esta actividad lo que buscamos es garantizar la vida\u201d, resalt\u00f3 Jackeline Howard, directora de Desarrollo Social del departamento.<\/p>\n<p>\u201cFue muy importante esta actividad porque se nos hizo un llamado a las madres que a veces nos ocupamos de otras cosas menos importantes. Debemos lactar suficientemente todas las veces que sea necesario\u201d destac\u00f3 Claudia Castillo M\u00e9ndez, ama de casa.<\/p>\n<p>&nbsp;<\/p>\n","protected":false},"excerpt":{"rendered":"<p>En el marco de la conmemoraci\u00f3n de la semana mundial de la lactancia materna, la Secretar\u00eda de Salud departamental y la direcci\u00f3n de Desarrollo Social, se reunieron con las madres gestantes y lactantes del municipio de El Carmen de Bol\u00edvar para compartirles acerca de los beneficios de la lactancia materna como una forma de garantizar la adecuada nutrici\u00f3n de los ni\u00f1os y su protecci\u00f3n ante eventuales enfermedades. El encuentro tuvo lugar en la ESE hospital Nuestra Se\u00f1ora del Carmen. El Gobierno Departamental, a trav\u00e9s de esta actividad busca reafirmar su&#8230; <\/p>\n","protected":false},"author":3,"featured_media":14981,"comment_status":"open","ping_status":"closed","sticky":false,"template":"","format":"standard","meta":{"footnotes":"","_links_to":"","_links_to_target":""},"categories":[33],"tags":[],"class_list":["post-14989","post","type-post","status-publish","format-standard","has-post-thumbnail","hentry","category-actualidad-bolivar"],"_links":{"self":[{"href":"https:\/\/revistazetta.com\/index.php?rest_route=\/wp\/v2\/posts\/14989","targetHints":{"allow":["GET"]}}],"collection":[{"href":"https:\/\/revistazetta.com\/index.php?rest_route=\/wp\/v2\/posts"}],"about":[{"href":"https:\/\/revistazetta.com\/index.php?rest_route=\/wp\/v2\/types\/post"}],"author":[{"embeddable":true,"href":"https:\/\/revistazetta.com\/index.php?rest_route=\/wp\/v2\/users\/3"}],"replies":[{"embeddable":true,"href":"https:\/\/revistazetta.com\/index.php?rest_route=%2Fwp%2Fv2%2Fcomments&post=14989"}],"version-history":[{"count":0,"href":"https:\/\/revistazetta.com\/index.php?rest_route=\/wp\/v2\/posts\/14989\/revisions"}],"wp:featuredmedia":[{"embeddable":true,"href":"https:\/\/revistazetta.com\/index.php?rest_route=\/wp\/v2\/media\/14981"}],"wp:attachment":[{"href":"https:\/\/revistazetta.com\/index.php?rest_route=%2Fwp%2Fv2%2Fmedia&parent=14989"}],"wp:term":[{"taxonomy":"category","embeddable":true,"href":"https:\/\/revistazetta.com\/index.php?rest_route=%2Fwp%2Fv2%2Fcategories&post=14989"},{"taxonomy":"post_tag","embeddable":true,"href":"https:\/\/revistazetta.com\/index.php?rest_route=%2Fwp%2Fv2%2Ftags&post=14989"}],"curies":[{"name":"wp","href":"https:\/\/api.w.org\/{rel}","templated":true}]}}