{"id":15011,"date":"2016-08-08T23:34:48","date_gmt":"2016-08-09T04:34:48","guid":{"rendered":"http:\/\/www.revistazetta.com\/?p=15011"},"modified":"2016-08-08T23:34:48","modified_gmt":"2016-08-09T04:34:48","slug":"reinado-la-independencia-2016-ya-candidatas","status":"publish","type":"post","link":"https:\/\/revistazetta.com\/?p=15011","title":{"rendered":"El Reinado de la Independencia 2016 ya tiene sus candidatas"},"content":{"rendered":"<p>El Reinado de la Independencia 2016 tiene ya las 32 candidatas oficiales que el pasado viernes 5 de agosto seleccion\u00f3 el Comit\u00e9 de Belleza. De 57 inscritas s\u00f3lo se presentaron 56 a la entrevista. La candidata de Canapote desisti\u00f3 su participaci\u00f3n.<\/p>\n<p>El Comit\u00e9 estuvo integrado por destacados profesionales y expertos en distintas \u00e1reas: Irina Villafa\u00f1e Berm\u00fadez, sic\u00f3loga y trabajadora Social; Giselle Mar\u00edn, comunicadora social y periodista, Reina de la Independencia 2007 y Se\u00f1orita Cartagena 2008; Harold P\u00e1ez, Gestor Cultural, representante de la Red de Bienestar Universitario; M\u00f3nica Cruz, esteticista y asesora de Imagen; Lorena Guerrero, historiadora e investigadora y Norma Rizo, delegada de la Personer\u00eda Distrital.<\/p>\n<p>Aqu\u00ed les presentamos el listado oficial de las 32 candidatas:<\/p>\n<table width=\"550\">\n<tbody>\n<tr>\n<td width=\"40\"><strong>N\u00b0<\/strong><\/td>\n<td width=\"166\"><strong>BARRIO\u00a0Y\/O CORREGIMIENTO<\/strong><\/td>\n<td width=\"344\"><strong>\u00a0NOMBRE DE LA ASPIRANTE<\/strong><\/td>\n<\/tr>\n<tr>\n<td width=\"40\">1<\/td>\n<td width=\"166\">El Cooperativo<\/td>\n<td width=\"344\">Natali Colon Fuentes<\/td>\n<\/tr>\n<tr>\n<td width=\"40\">2<\/td>\n<td width=\"166\">Bruselas<\/td>\n<td width=\"344\">Triana Sanjur Jimenez<\/td>\n<\/tr>\n<tr>\n<td width=\"40\">3<\/td>\n<td width=\"166\">San Fernando<\/td>\n<td width=\"344\">Gregoria G\u00f3mez P\u00e9rez<\/td>\n<\/tr>\n<tr>\n<td width=\"40\">4<\/td>\n<td width=\"166\">La Esperanza<\/td>\n<td width=\"344\">Luciel Paola Castello Pajaro<\/td>\n<\/tr>\n<tr>\n<td width=\"40\">5<\/td>\n<td width=\"166\">El Socorro<\/td>\n<td width=\"344\">Natali Fernanda Medrano Aycardy<\/td>\n<\/tr>\n<tr>\n<td width=\"40\">6<\/td>\n<td width=\"166\">El Libano<\/td>\n<td width=\"344\">Catherine Torres Balvin<\/td>\n<\/tr>\n<tr>\n<td width=\"40\">7<\/td>\n<td width=\"166\">Nuestra Se\u00f1ora De Chiquinquira<\/td>\n<td width=\"344\">Kelly Lucia Reales Coneo<\/td>\n<\/tr>\n<tr>\n<td width=\"40\">8<\/td>\n<td width=\"166\">Corregimiento\u00a0De \u00a0Arroyo Grande<\/td>\n<td width=\"344\">\u00a0Adeleis Marrugo \u00a0 \u00a0 \u00a0 \u00a0 \u00a0 \u00a0 \u00a0 \u00a0 \u00a0 Aurela<\/td>\n<\/tr>\n<tr>\n<td width=\"40\">9<\/td>\n<td width=\"166\">Ceballos<\/td>\n<td width=\"344\">Xilena Del Carmen Navarro Palomino<\/td>\n<\/tr>\n<tr>\n<td width=\"40\">10<\/td>\n<td width=\"166\">Nueve De Abril<\/td>\n<td width=\"344\">Laura Vanessa P\u00e9rez Serrano<\/td>\n<\/tr>\n<tr>\n<td width=\"40\">11<\/td>\n<td width=\"166\">Olaya Sector Stella<\/td>\n<td width=\"344\">Wendelyn Paola Limon Guzman<\/td>\n<\/tr>\n<tr>\n<td width=\"40\">12<\/td>\n<td width=\"166\">Olaya Sector Once De Noviembre<\/td>\n<td width=\"344\">Noris Del Rosario Gonz\u00e1lez Pedroza<\/td>\n<\/tr>\n<tr>\n<td width=\"40\">13<\/td>\n<td width=\"166\">Urbanizacion Altos Del Campestre<\/td>\n<td width=\"344\">Carolina Alicia Barrios Montes<\/td>\n<\/tr>\n<tr>\n<td width=\"40\">14<\/td>\n<td width=\"166\">Zaragocilla<\/td>\n<td width=\"344\">Aura Del Carmen Hern\u00e1ndez Fortich<\/td>\n<\/tr>\n<tr>\n<td width=\"40\">15<\/td>\n<td width=\"166\">Corregimiento Isla Baru<\/td>\n<td width=\"344\">Maria Camila Medrano Camargo<\/td>\n<\/tr>\n<tr>\n<td width=\"40\">16<\/td>\n<td width=\"166\">Ciudad Del Bicentenario<\/td>\n<td width=\"344\">Andrea Maria Camacho Castro<\/td>\n<\/tr>\n<tr>\n<td width=\"40\">17<\/td>\n<td width=\"166\">Chapacua<\/td>\n<td width=\"344\">Silvana Carolina Mendoza Brand<\/td>\n<\/tr>\n<tr>\n<td width=\"40\">18<\/td>\n<td width=\"166\">Las Palmeras<\/td>\n<td width=\"344\">Lauren Tatiana Ballestas Posso<\/td>\n<\/tr>\n<tr>\n<td width=\"40\">19<\/td>\n<td width=\"166\">Nelson Mandela Sector Villa Corelca<\/td>\n<td width=\"344\">\u00a0 \u00a0 \u00a0Maria Lejandra Polo Diaz<\/td>\n<\/tr>\n<tr>\n<td width=\"40\">20<\/td>\n<td width=\"166\">Nuevo Bosque<\/td>\n<td width=\"344\">Vanessa Rodriguez Sosa<\/td>\n<\/tr>\n<tr>\n<td width=\"40\">21<\/td>\n<td width=\"166\">Corregimiento De Bocachica<\/td>\n<td width=\"344\">Deylis Patricia Guerrero Otero<\/td>\n<\/tr>\n<tr>\n<td width=\"40\">22<\/td>\n<td width=\"166\">Blas De Lezo<\/td>\n<td width=\"344\">Maleni Leandra Suarez Manrique<\/td>\n<\/tr>\n<tr>\n<td width=\"40\">23<\/td>\n<td width=\"166\">Urbanizaci\u00f3n Sim\u00f3n Bol\u00edvar<\/td>\n<td width=\"344\">Sairelys Sarmiento Sarabia<\/td>\n<\/tr>\n<tr>\n<td width=\"40\">24<\/td>\n<td width=\"166\">Plan Cuatrocientos<\/td>\n<td width=\"344\">Karen Catalina Menco Utria<\/td>\n<\/tr>\n<tr>\n<td width=\"40\">25<\/td>\n<td width=\"166\">El Poz\u00f3n<\/td>\n<td width=\"344\">Estefani Florez Parra<\/td>\n<\/tr>\n<tr>\n<td width=\"40\">26<\/td>\n<td width=\"166\">San Jose De Los Campanos<\/td>\n<td width=\"344\">Hillary Ramos Ni\u00f1o<\/td>\n<\/tr>\n<tr>\n<td width=\"40\">27<\/td>\n<td width=\"166\">San Francisco<\/td>\n<td width=\"344\">Yeissis Marimon Cespedes<\/td>\n<\/tr>\n<tr>\n<td width=\"40\">28<\/td>\n<td width=\"166\">Barrio Olivo<\/td>\n<td width=\"344\">Sarith Estefania Marrugo Teheran<\/td>\n<\/tr>\n<tr>\n<td width=\"40\">29<\/td>\n<td width=\"166\">Navas Meisel<\/td>\n<td width=\"344\">Zoolianys Paulina Pajaro Peri\u00f1an<\/td>\n<\/tr>\n<tr>\n<td width=\"40\">30<\/td>\n<td width=\"166\">Getseman\u00ed<\/td>\n<td width=\"344\">Sashia Michelle Coquel Cruzate<\/td>\n<\/tr>\n<tr>\n<td width=\"40\">31<\/td>\n<td width=\"166\">Veinte De Julio<\/td>\n<td width=\"344\">Daniela Julieth Mendoza Ospino<\/td>\n<\/tr>\n<tr>\n<td width=\"40\">32<\/td>\n<td width=\"166\">Urbanizacion\u00a0La India<\/td>\n<td width=\"344\">\u00a0 Maria Camila Sinning Martinez<\/td>\n<\/tr>\n<\/tbody>\n<\/table>\n<p>La elecci\u00f3n de las candidatas se realiz\u00f3 teniendo en cuenta:<\/p>\n<p><strong>Rostro: 10%<\/strong><\/p>\n<p><strong>Cuerpo: 10%<\/strong><\/p>\n<p><strong>Talento: 10%<\/strong><\/p>\n<p><strong>Facilidad de expresi\u00f3n: 20%<\/strong><\/p>\n<p><strong>Cultura general: 20%<\/strong><\/p>\n<p><strong>Proyecto socio cultural: 30%.<\/strong><\/p>\n<p>Bertha Luc\u00eda Arnedo Redondo, directora del IPCC, agradeci\u00f3 a los integrantes del Comit\u00e9 por haber aceptado la invitaci\u00f3n, a la vez que record\u00f3 la importancia que tiene para el proceso revitalizador de las Fiestas, el Reinado de la Independencia de Cartagena.<\/p>\n<p>\u201cConfiamos en que este Comit\u00e9 conformado por profesionales altamente calificados puedan desde su conocimiento y experiencia aportar lo mejor para escoger a las candidatas id\u00f3neas, este certamen juega un papel muy importante para nuestra ciudad y el proceso de revitalizador de las fiestas. Desde el gobierno de Primero la Gente queremos que el Reinado no sea solo sin\u00f3nimo de belleza, sino de una preparaci\u00f3n que les permita mostrar sus valores, principios y responsabilidad social frente a la comunidad que representan, buscando precisamente integrar a la ciudadan\u00eda no solo con los actos festivos sino con toda la historia e importancia que nos dio ese 11 de noviembre\u201d, asegur\u00f3.<\/p>\n<p>A partir del 16 de agosto, las candidatas del Reinado de la Independencia 2016 inician\u00a0 talleres acad\u00e9micos para reafirmar sus conocimientos sobre la gesta independentista de Cartagena.<\/p>\n<p>&nbsp;<\/p>\n<p><img loading=\"lazy\" decoding=\"async\" class=\"alignleft size-medium wp-image-15030\" src=\"https:\/\/www.revistazetta.com\/wp-content\/uploads\/2016\/08\/CANDIDATAS14-300x187.jpg\" alt=\"CANDIDATAS14\" width=\"300\" height=\"187\" srcset=\"https:\/\/revistazetta.com\/wp-content\/uploads\/2016\/08\/CANDIDATAS14-300x187.jpg 300w, https:\/\/revistazetta.com\/wp-content\/uploads\/2016\/08\/CANDIDATAS14-234x146.jpg 234w, https:\/\/revistazetta.com\/wp-content\/uploads\/2016\/08\/CANDIDATAS14-50x31.jpg 50w, https:\/\/revistazetta.com\/wp-content\/uploads\/2016\/08\/CANDIDATAS14-120x75.jpg 120w, https:\/\/revistazetta.com\/wp-content\/uploads\/2016\/08\/CANDIDATAS14.jpg 570w\" sizes=\"auto, (max-width: 300px) 100vw, 300px\" \/>San Jos\u00e9 De Los Campanos\/Urbanizacion Altos Del Campestre<\/p>\n<p>&nbsp;<\/p>\n<p>&nbsp;<\/p>\n<p>&nbsp;<\/p>\n<p>&nbsp;<\/p>\n<p>&nbsp;<\/p>\n<p><img loading=\"lazy\" decoding=\"async\" class=\"alignleft wp-image-15029 size-medium\" src=\"https:\/\/www.revistazetta.com\/wp-content\/uploads\/2016\/08\/CANDIDATAS13-300x187.jpg\" alt=\"CANDIDATAS13\" width=\"300\" height=\"187\" srcset=\"https:\/\/revistazetta.com\/wp-content\/uploads\/2016\/08\/CANDIDATAS13-300x187.jpg 300w, https:\/\/revistazetta.com\/wp-content\/uploads\/2016\/08\/CANDIDATAS13-234x146.jpg 234w, https:\/\/revistazetta.com\/wp-content\/uploads\/2016\/08\/CANDIDATAS13-50x31.jpg 50w, https:\/\/revistazetta.com\/wp-content\/uploads\/2016\/08\/CANDIDATAS13-120x75.jpg 120w, https:\/\/revistazetta.com\/wp-content\/uploads\/2016\/08\/CANDIDATAS13.jpg 570w\" sizes=\"auto, (max-width: 300px) 100vw, 300px\" \/>San Fernando\/San Francisco<\/p>\n<p>&nbsp;<\/p>\n<p>&nbsp;<\/p>\n<p>&nbsp;<\/p>\n<p>&nbsp;<\/p>\n<p>&nbsp;<\/p>\n<p><img loading=\"lazy\" decoding=\"async\" class=\"alignleft wp-image-15028 size-medium\" src=\"https:\/\/www.revistazetta.com\/wp-content\/uploads\/2016\/08\/CANDIDATAS12-300x187.jpg\" alt=\"CANDIDATAS12\" width=\"300\" height=\"187\" srcset=\"https:\/\/revistazetta.com\/wp-content\/uploads\/2016\/08\/CANDIDATAS12-300x187.jpg 300w, https:\/\/revistazetta.com\/wp-content\/uploads\/2016\/08\/CANDIDATAS12-234x146.jpg 234w, https:\/\/revistazetta.com\/wp-content\/uploads\/2016\/08\/CANDIDATAS12-50x31.jpg 50w, https:\/\/revistazetta.com\/wp-content\/uploads\/2016\/08\/CANDIDATAS12-120x75.jpg 120w, https:\/\/revistazetta.com\/wp-content\/uploads\/2016\/08\/CANDIDATAS12.jpg 570w\" sizes=\"auto, (max-width: 300px) 100vw, 300px\" \/>Plan Cuatrocientos\/Olaya Sector Stella<\/p>\n<p>&nbsp;<\/p>\n<p>&nbsp;<\/p>\n<p>&nbsp;<\/p>\n<p>&nbsp;<\/p>\n<p>&nbsp;<\/p>\n<p><img loading=\"lazy\" decoding=\"async\" class=\"alignleft wp-image-15027 size-medium\" src=\"https:\/\/www.revistazetta.com\/wp-content\/uploads\/2016\/08\/CANDIDATAS11-300x187.jpg\" alt=\"CANDIDATAS11\" width=\"300\" height=\"187\" srcset=\"https:\/\/revistazetta.com\/wp-content\/uploads\/2016\/08\/CANDIDATAS11-300x187.jpg 300w, https:\/\/revistazetta.com\/wp-content\/uploads\/2016\/08\/CANDIDATAS11-234x146.jpg 234w, https:\/\/revistazetta.com\/wp-content\/uploads\/2016\/08\/CANDIDATAS11-50x31.jpg 50w, https:\/\/revistazetta.com\/wp-content\/uploads\/2016\/08\/CANDIDATAS11-120x75.jpg 120w, https:\/\/revistazetta.com\/wp-content\/uploads\/2016\/08\/CANDIDATAS11.jpg 570w\" sizes=\"auto, (max-width: 300px) 100vw, 300px\" \/><\/p>\n<p>Nuevo Bosque\/Olaya Sector \u00a0Once De Noviembre<\/p>\n<p>&nbsp;<\/p>\n<p>&nbsp;<\/p>\n<p>&nbsp;<\/p>\n<p>&nbsp;<\/p>\n<p>&nbsp;<\/p>\n<p><img loading=\"lazy\" decoding=\"async\" class=\"alignleft size-medium wp-image-15026\" src=\"https:\/\/www.revistazetta.com\/wp-content\/uploads\/2016\/08\/CANDIDATAS10-300x187.jpg\" alt=\"CANDIDATAS10\" width=\"300\" height=\"187\" srcset=\"https:\/\/revistazetta.com\/wp-content\/uploads\/2016\/08\/CANDIDATAS10-300x187.jpg 300w, https:\/\/revistazetta.com\/wp-content\/uploads\/2016\/08\/CANDIDATAS10-234x146.jpg 234w, https:\/\/revistazetta.com\/wp-content\/uploads\/2016\/08\/CANDIDATAS10-50x31.jpg 50w, https:\/\/revistazetta.com\/wp-content\/uploads\/2016\/08\/CANDIDATAS10-120x75.jpg 120w, https:\/\/revistazetta.com\/wp-content\/uploads\/2016\/08\/CANDIDATAS10.jpg 570w\" sizes=\"auto, (max-width: 300px) 100vw, 300px\" \/>Nueve De Abril\/Nuestra Se\u00f1ora De Chiquinquir\u00e1<\/p>\n<p>&nbsp;<\/p>\n<p>&nbsp;<\/p>\n<p>&nbsp;<\/p>\n<p>&nbsp;<\/p>\n<p>&nbsp;<\/p>\n<p><img loading=\"lazy\" decoding=\"async\" class=\"alignleft wp-image-15025 size-medium\" src=\"https:\/\/www.revistazetta.com\/wp-content\/uploads\/2016\/08\/CANDIDATAS9-300x187.jpg\" alt=\"CANDIDATAS9\" width=\"300\" height=\"187\" srcset=\"https:\/\/revistazetta.com\/wp-content\/uploads\/2016\/08\/CANDIDATAS9-300x187.jpg 300w, https:\/\/revistazetta.com\/wp-content\/uploads\/2016\/08\/CANDIDATAS9-234x146.jpg 234w, https:\/\/revistazetta.com\/wp-content\/uploads\/2016\/08\/CANDIDATAS9-50x31.jpg 50w, https:\/\/revistazetta.com\/wp-content\/uploads\/2016\/08\/CANDIDATAS9-120x75.jpg 120w, https:\/\/revistazetta.com\/wp-content\/uploads\/2016\/08\/CANDIDATAS9.jpg 570w\" sizes=\"auto, (max-width: 300px) 100vw, 300px\" \/>Navas Meisel\/Nelson Mandela<\/p>\n<p>&nbsp;<\/p>\n<p>&nbsp;<\/p>\n<p>&nbsp;<\/p>\n<p>&nbsp;<\/p>\n<p>&nbsp;<\/p>\n<p><img loading=\"lazy\" decoding=\"async\" class=\"alignleft wp-image-15024 size-medium\" src=\"https:\/\/www.revistazetta.com\/wp-content\/uploads\/2016\/08\/CANDIDATAS8-300x187.jpg\" alt=\"CANDIDATAS8\" width=\"300\" height=\"187\" srcset=\"https:\/\/revistazetta.com\/wp-content\/uploads\/2016\/08\/CANDIDATAS8-300x187.jpg 300w, https:\/\/revistazetta.com\/wp-content\/uploads\/2016\/08\/CANDIDATAS8-234x146.jpg 234w, https:\/\/revistazetta.com\/wp-content\/uploads\/2016\/08\/CANDIDATAS8-50x31.jpg 50w, https:\/\/revistazetta.com\/wp-content\/uploads\/2016\/08\/CANDIDATAS8-120x75.jpg 120w, https:\/\/revistazetta.com\/wp-content\/uploads\/2016\/08\/CANDIDATAS8.jpg 570w\" sizes=\"auto, (max-width: 300px) 100vw, 300px\" \/><\/p>\n<p>La Esperanza\/Las Palmeras<\/p>\n<p>&nbsp;<\/p>\n<p>&nbsp;<\/p>\n<p>&nbsp;<\/p>\n<p>&nbsp;<\/p>\n<p>&nbsp;<\/p>\n<p><img loading=\"lazy\" decoding=\"async\" class=\"alignleft wp-image-15023 size-medium\" src=\"https:\/\/www.revistazetta.com\/wp-content\/uploads\/2016\/08\/CANDIDATAS7-300x187.jpg\" alt=\"CANDIDATAS7\" width=\"300\" height=\"187\" srcset=\"https:\/\/revistazetta.com\/wp-content\/uploads\/2016\/08\/CANDIDATAS7-300x187.jpg 300w, https:\/\/revistazetta.com\/wp-content\/uploads\/2016\/08\/CANDIDATAS7-234x146.jpg 234w, https:\/\/revistazetta.com\/wp-content\/uploads\/2016\/08\/CANDIDATAS7-50x31.jpg 50w, https:\/\/revistazetta.com\/wp-content\/uploads\/2016\/08\/CANDIDATAS7-120x75.jpg 120w, https:\/\/revistazetta.com\/wp-content\/uploads\/2016\/08\/CANDIDATAS7.jpg 570w\" sizes=\"auto, (max-width: 300px) 100vw, 300px\" \/><\/p>\n<p>El Socorro\/Getseman\u00ed<\/p>\n<p>&nbsp;<\/p>\n<p>&nbsp;<\/p>\n<p>&nbsp;<\/p>\n<p>&nbsp;<\/p>\n<p>&nbsp;<\/p>\n<p><img loading=\"lazy\" decoding=\"async\" class=\"alignleft size-medium wp-image-15022\" src=\"https:\/\/www.revistazetta.com\/wp-content\/uploads\/2016\/08\/CANDIDATAS6-300x187.jpg\" alt=\"CANDIDATAS6\" width=\"300\" height=\"187\" srcset=\"https:\/\/revistazetta.com\/wp-content\/uploads\/2016\/08\/CANDIDATAS6-300x187.jpg 300w, https:\/\/revistazetta.com\/wp-content\/uploads\/2016\/08\/CANDIDATAS6-234x146.jpg 234w, https:\/\/revistazetta.com\/wp-content\/uploads\/2016\/08\/CANDIDATAS6-50x31.jpg 50w, https:\/\/revistazetta.com\/wp-content\/uploads\/2016\/08\/CANDIDATAS6-120x75.jpg 120w, https:\/\/revistazetta.com\/wp-content\/uploads\/2016\/08\/CANDIDATAS6.jpg 570w\" sizes=\"auto, (max-width: 300px) 100vw, 300px\" \/><\/p>\n<p>El Libano\/El Poz\u00f3n<\/p>\n<p>&nbsp;<\/p>\n<p>&nbsp;<\/p>\n<p>&nbsp;<\/p>\n<p>&nbsp;<\/p>\n<p>&nbsp;<\/p>\n<p><img loading=\"lazy\" decoding=\"async\" class=\"alignleft wp-image-15021 size-medium\" src=\"https:\/\/www.revistazetta.com\/wp-content\/uploads\/2016\/08\/CANDIDATAS5-300x187.jpg\" alt=\"CANDIDATAS5\" width=\"300\" height=\"187\" srcset=\"https:\/\/revistazetta.com\/wp-content\/uploads\/2016\/08\/CANDIDATAS5-300x187.jpg 300w, https:\/\/revistazetta.com\/wp-content\/uploads\/2016\/08\/CANDIDATAS5-234x146.jpg 234w, https:\/\/revistazetta.com\/wp-content\/uploads\/2016\/08\/CANDIDATAS5-50x31.jpg 50w, https:\/\/revistazetta.com\/wp-content\/uploads\/2016\/08\/CANDIDATAS5-120x75.jpg 120w, https:\/\/revistazetta.com\/wp-content\/uploads\/2016\/08\/CANDIDATAS5.jpg 570w\" sizes=\"auto, (max-width: 300px) 100vw, 300px\" \/>\u00a0Corregimiento Isla Baru\/El Cooperativo<\/p>\n<p>&nbsp;<\/p>\n<p>&nbsp;<\/p>\n<p>&nbsp;<\/p>\n<p>&nbsp;<\/p>\n<p>&nbsp;<\/p>\n<p><img loading=\"lazy\" decoding=\"async\" class=\"alignleft size-medium wp-image-15020\" src=\"https:\/\/www.revistazetta.com\/wp-content\/uploads\/2016\/08\/CANDIDATAS4-300x187.jpg\" alt=\"CANDIDATAS4\" width=\"300\" height=\"187\" srcset=\"https:\/\/revistazetta.com\/wp-content\/uploads\/2016\/08\/CANDIDATAS4-300x187.jpg 300w, https:\/\/revistazetta.com\/wp-content\/uploads\/2016\/08\/CANDIDATAS4-234x146.jpg 234w, https:\/\/revistazetta.com\/wp-content\/uploads\/2016\/08\/CANDIDATAS4-50x31.jpg 50w, https:\/\/revistazetta.com\/wp-content\/uploads\/2016\/08\/CANDIDATAS4-120x75.jpg 120w, https:\/\/revistazetta.com\/wp-content\/uploads\/2016\/08\/CANDIDATAS4.jpg 570w\" sizes=\"auto, (max-width: 300px) 100vw, 300px\" \/>Corregimiento\u00a0De \u00a0Arroyo Grande\/Corregimiento De Bocachica<\/p>\n<p>&nbsp;<\/p>\n<p>&nbsp;<\/p>\n<p>&nbsp;<\/p>\n<p>&nbsp;<\/p>\n<p>&nbsp;<\/p>\n<p><img loading=\"lazy\" decoding=\"async\" class=\"alignleft wp-image-15019 size-medium\" src=\"https:\/\/www.revistazetta.com\/wp-content\/uploads\/2016\/08\/CANDIDATAS3-300x187.jpg\" alt=\"CANDIDATAS3\" width=\"300\" height=\"187\" srcset=\"https:\/\/revistazetta.com\/wp-content\/uploads\/2016\/08\/CANDIDATAS3-300x187.jpg 300w, https:\/\/revistazetta.com\/wp-content\/uploads\/2016\/08\/CANDIDATAS3-234x146.jpg 234w, https:\/\/revistazetta.com\/wp-content\/uploads\/2016\/08\/CANDIDATAS3-50x31.jpg 50w, https:\/\/revistazetta.com\/wp-content\/uploads\/2016\/08\/CANDIDATAS3-120x75.jpg 120w, https:\/\/revistazetta.com\/wp-content\/uploads\/2016\/08\/CANDIDATAS3.jpg 570w\" sizes=\"auto, (max-width: 300px) 100vw, 300px\" \/><\/p>\n<p>Chapacua\/Ciudad del Bicentenario<\/p>\n<p>&nbsp;<\/p>\n<p>&nbsp;<\/p>\n<p>&nbsp;<\/p>\n<p>&nbsp;<\/p>\n<p>&nbsp;<\/p>\n<p><img loading=\"lazy\" decoding=\"async\" class=\"alignleft size-medium wp-image-15018\" src=\"https:\/\/www.revistazetta.com\/wp-content\/uploads\/2016\/08\/CANDIDATAS2-300x187.jpg\" alt=\"CANDIDATAS2\" width=\"300\" height=\"187\" srcset=\"https:\/\/revistazetta.com\/wp-content\/uploads\/2016\/08\/CANDIDATAS2-300x187.jpg 300w, https:\/\/revistazetta.com\/wp-content\/uploads\/2016\/08\/CANDIDATAS2-234x146.jpg 234w, https:\/\/revistazetta.com\/wp-content\/uploads\/2016\/08\/CANDIDATAS2-50x31.jpg 50w, https:\/\/revistazetta.com\/wp-content\/uploads\/2016\/08\/CANDIDATAS2-120x75.jpg 120w, https:\/\/revistazetta.com\/wp-content\/uploads\/2016\/08\/CANDIDATAS2.jpg 570w\" sizes=\"auto, (max-width: 300px) 100vw, 300px\" \/><\/p>\n<p>Ceballos\/Bruselas<\/p>\n<p>&nbsp;<\/p>\n<p>&nbsp;<\/p>\n<p>&nbsp;<\/p>\n<p>&nbsp;<\/p>\n<p>&nbsp;<\/p>\n<p><img loading=\"lazy\" decoding=\"async\" class=\"alignleft wp-image-15017 size-medium\" src=\"https:\/\/www.revistazetta.com\/wp-content\/uploads\/2016\/08\/CANDIDATAS1-300x187.jpg\" alt=\"CANDIDATAS1\" width=\"300\" height=\"187\" srcset=\"https:\/\/revistazetta.com\/wp-content\/uploads\/2016\/08\/CANDIDATAS1-300x187.jpg 300w, https:\/\/revistazetta.com\/wp-content\/uploads\/2016\/08\/CANDIDATAS1-234x146.jpg 234w, https:\/\/revistazetta.com\/wp-content\/uploads\/2016\/08\/CANDIDATAS1-50x31.jpg 50w, https:\/\/revistazetta.com\/wp-content\/uploads\/2016\/08\/CANDIDATAS1-120x75.jpg 120w, https:\/\/revistazetta.com\/wp-content\/uploads\/2016\/08\/CANDIDATAS1.jpg 570w\" sizes=\"auto, (max-width: 300px) 100vw, 300px\" \/><\/p>\n<p>Barrio Olivo\/Blas De Lezo<\/p>\n<p>&nbsp;<\/p>\n<p>&nbsp;<\/p>\n<p>&nbsp;<\/p>\n<p>&nbsp;<\/p>\n<p>&nbsp;<\/p>\n<p><img loading=\"lazy\" decoding=\"async\" class=\"alignleft size-medium wp-image-15032\" src=\"https:\/\/www.revistazetta.com\/wp-content\/uploads\/2016\/08\/CANDIDATAS16-300x187.jpg\" alt=\"CANDIDATAS16\" width=\"300\" height=\"187\" srcset=\"https:\/\/revistazetta.com\/wp-content\/uploads\/2016\/08\/CANDIDATAS16-300x187.jpg 300w, https:\/\/revistazetta.com\/wp-content\/uploads\/2016\/08\/CANDIDATAS16-234x146.jpg 234w, https:\/\/revistazetta.com\/wp-content\/uploads\/2016\/08\/CANDIDATAS16-50x31.jpg 50w, https:\/\/revistazetta.com\/wp-content\/uploads\/2016\/08\/CANDIDATAS16-120x75.jpg 120w, https:\/\/revistazetta.com\/wp-content\/uploads\/2016\/08\/CANDIDATAS16.jpg 570w\" sizes=\"auto, (max-width: 300px) 100vw, 300px\" \/><\/p>\n<p>Veinte De Julio\/Zaragocilla<\/p>\n<p>&nbsp;<\/p>\n<p>&nbsp;<\/p>\n<p>&nbsp;<\/p>\n<p>&nbsp;<\/p>\n<p>&nbsp;<\/p>\n<p><img loading=\"lazy\" decoding=\"async\" class=\"alignleft wp-image-15031 size-medium\" src=\"https:\/\/www.revistazetta.com\/wp-content\/uploads\/2016\/08\/CANDIDATAS15-300x187.jpg\" alt=\"CANDIDATAS15\" width=\"300\" height=\"187\" srcset=\"https:\/\/revistazetta.com\/wp-content\/uploads\/2016\/08\/CANDIDATAS15-300x187.jpg 300w, https:\/\/revistazetta.com\/wp-content\/uploads\/2016\/08\/CANDIDATAS15-234x146.jpg 234w, https:\/\/revistazetta.com\/wp-content\/uploads\/2016\/08\/CANDIDATAS15-50x31.jpg 50w, https:\/\/revistazetta.com\/wp-content\/uploads\/2016\/08\/CANDIDATAS15-120x75.jpg 120w, https:\/\/revistazetta.com\/wp-content\/uploads\/2016\/08\/CANDIDATAS15.jpg 570w\" sizes=\"auto, (max-width: 300px) 100vw, 300px\" \/><\/p>\n<p>Urb.\u00a0La India\/Urb Sim\u00f3n Bol\u00edvar<\/p>\n<p>&nbsp;<\/p>\n","protected":false},"excerpt":{"rendered":"<p>El Reinado de la Independencia 2016 tiene ya las 32 candidatas oficiales que el pasado viernes 5 de agosto seleccion\u00f3 el Comit\u00e9 de Belleza. De 57 inscritas s\u00f3lo se presentaron 56 a la entrevista. La candidata de Canapote desisti\u00f3 su participaci\u00f3n. El Comit\u00e9 estuvo integrado por destacados profesionales y expertos en distintas \u00e1reas: Irina Villafa\u00f1e Berm\u00fadez, sic\u00f3loga y trabajadora Social; Giselle Mar\u00edn, comunicadora social y periodista, Reina de la Independencia 2007 y Se\u00f1orita Cartagena 2008; Harold P\u00e1ez, Gestor Cultural, representante de la Red de Bienestar Universitario; M\u00f3nica Cruz, esteticista y&#8230; <\/p>\n","protected":false},"author":3,"featured_media":15034,"comment_status":"open","ping_status":"closed","sticky":false,"template":"","format":"standard","meta":{"footnotes":"","_links_to":"","_links_to_target":""},"categories":[75,41],"tags":[],"class_list":["post-15011","post","type-post","status-publish","format-standard","has-post-thumbnail","hentry","category-destacada","category-cultura"],"_links":{"self":[{"href":"https:\/\/revistazetta.com\/index.php?rest_route=\/wp\/v2\/posts\/15011","targetHints":{"allow":["GET"]}}],"collection":[{"href":"https:\/\/revistazetta.com\/index.php?rest_route=\/wp\/v2\/posts"}],"about":[{"href":"https:\/\/revistazetta.com\/index.php?rest_route=\/wp\/v2\/types\/post"}],"author":[{"embeddable":true,"href":"https:\/\/revistazetta.com\/index.php?rest_route=\/wp\/v2\/users\/3"}],"replies":[{"embeddable":true,"href":"https:\/\/revistazetta.com\/index.php?rest_route=%2Fwp%2Fv2%2Fcomments&post=15011"}],"version-history":[{"count":0,"href":"https:\/\/revistazetta.com\/index.php?rest_route=\/wp\/v2\/posts\/15011\/revisions"}],"wp:featuredmedia":[{"embeddable":true,"href":"https:\/\/revistazetta.com\/index.php?rest_route=\/wp\/v2\/media\/15034"}],"wp:attachment":[{"href":"https:\/\/revistazetta.com\/index.php?rest_route=%2Fwp%2Fv2%2Fmedia&parent=15011"}],"wp:term":[{"taxonomy":"category","embeddable":true,"href":"https:\/\/revistazetta.com\/index.php?rest_route=%2Fwp%2Fv2%2Fcategories&post=15011"},{"taxonomy":"post_tag","embeddable":true,"href":"https:\/\/revistazetta.com\/index.php?rest_route=%2Fwp%2Fv2%2Ftags&post=15011"}],"curies":[{"name":"wp","href":"https:\/\/api.w.org\/{rel}","templated":true}]}}