{"id":15035,"date":"2016-08-09T07:20:14","date_gmt":"2016-08-09T12:20:14","guid":{"rendered":"http:\/\/www.revistazetta.com\/?p=15035"},"modified":"2016-08-09T07:20:14","modified_gmt":"2016-08-09T12:20:14","slug":"udc-lleva-programas-ingenieria-zonas-posconflicto","status":"publish","type":"post","link":"https:\/\/revistazetta.com\/?p=15035","title":{"rendered":"UdC lleva programas de ingenier\u00eda a zonas de posconflicto"},"content":{"rendered":"<p>La Universidad de Cartagena abri\u00f3 convocatoria para que j\u00f3venes ubicados en zonas del posconflicto, tengan acceso a programas de ingenier\u00eda.<\/p>\n<p>Los j\u00f3venes podr\u00e1n postularse a la promoci\u00f3n institucional bajo los siguientes preceptos: haber presentado las pruebas Saber Pro despu\u00e9s del 2014,\u00a0no hacer parte de otros beneficios de financiaci\u00f3n que se adjudiquen al gobierno, el t\u00edtulo de bachiller debe ser otorgado en municipios distintos a las ciudades principales que el SISBEN ha establecido y haber sido admitidos en los programas de pregrado determinados y ofertados por las entidades avaladas.<\/p>\n<p>El Ministerio de Educaci\u00f3n ha comunicado que otorgar\u00e1n el 100% de los cr\u00e9ditos educativos (incluye matr\u00edcula) que ser\u00e1n condonables s\u00f3lo si el beneficiario finaliza sus estudios a cabalidad, comprobable con la obtenci\u00f3n de su t\u00edtulo profesional.<\/p>\n<p>El cronograma se\u00f1alado para la inscripci\u00f3n y admisi\u00f3n ser\u00e1 el siguiente:<\/p>\n<p>Apertura convocatoria &#8211;\u00a0 04 de agosto de 2016.<\/p>\n<p>Inscripci\u00f3n de los aspirantes \u2013 04 hasta 15 de agosto de 2016. (Puede ser a trav\u00e9s de la p\u00e1gina <a href=\"https:\/\/www.mineducacion.gov.co\/\" target=\"_blank\" rel=\"noopener\">www.mineducacion.gov.co<\/a>)<\/p>\n<p>Reporte de admitidos por parte de las instituciones \u2013 17 y 18 de agosto de 2016.<\/p>\n<p>Comit\u00e9 Operativo y Junta Administradora (selecci\u00f3n de beneficiarios a fondo) 18 de agosto.<\/p>\n<p>Publicaci\u00f3n de resultados &#8211; 18 de agosto de 2016.<\/p>\n<p>Legalizaci\u00f3n de cr\u00e9ditos \u2013 18 de agosto hasta el 02 de septiembre de 2016.<\/p>\n<p>Es importante aclarar que los cr\u00e9ditos condonables para los subsidios se har\u00e1n efectivos para beneficiarios que demuestren estar registrados en la base censal del SISBEN VERSI\u00d3N III donde el puntaje m\u00e1ximo para los cascos urbanos fuera de la ciudad principal es de 56,32; mientras para el \u00e1rea rural obedece al 42,82.<\/p>\n<p>A las personas no inscritas al Sistema de Identificaci\u00f3n y Clasificaci\u00f3n de Potenciales Beneficiarios para programas sociales se les evaluar\u00e1 su posible ingreso con base la puntuaci\u00f3n ya se\u00f1alada;\u00a0 los miembros de la comunidad ind\u00edgena deben estar suscritos a la base de datos del Ministerio de Interior en las fechas de corte establecidas para la convocatoria.<\/p>\n<p>Con esto se evidencia la calidad educativa de la Universidad de Cartagena, la cual siempre ha trabajado de manera activa en los procesos de construcci\u00f3n, desarrollo e inclusi\u00f3n social.<\/p>\n","protected":false},"excerpt":{"rendered":"<p>La Universidad de Cartagena abri\u00f3 convocatoria para que j\u00f3venes ubicados en zonas del posconflicto, tengan acceso a programas de ingenier\u00eda. Los j\u00f3venes podr\u00e1n postularse a la promoci\u00f3n institucional bajo los siguientes preceptos: haber presentado las pruebas Saber Pro despu\u00e9s del 2014,\u00a0no hacer parte de otros beneficios de financiaci\u00f3n que se adjudiquen al gobierno, el t\u00edtulo de bachiller debe ser otorgado en municipios distintos a las ciudades principales que el SISBEN ha establecido y haber sido admitidos en los programas de pregrado determinados y ofertados por las entidades avaladas. El Ministerio&#8230; <\/p>\n","protected":false},"author":3,"featured_media":0,"comment_status":"open","ping_status":"closed","sticky":false,"template":"","format":"standard","meta":{"footnotes":"","_links_to":"","_links_to_target":""},"categories":[51,3],"tags":[],"class_list":["post-15035","post","type-post","status-publish","format-standard","hentry","category-universidad","category-ciudad"],"_links":{"self":[{"href":"https:\/\/revistazetta.com\/index.php?rest_route=\/wp\/v2\/posts\/15035","targetHints":{"allow":["GET"]}}],"collection":[{"href":"https:\/\/revistazetta.com\/index.php?rest_route=\/wp\/v2\/posts"}],"about":[{"href":"https:\/\/revistazetta.com\/index.php?rest_route=\/wp\/v2\/types\/post"}],"author":[{"embeddable":true,"href":"https:\/\/revistazetta.com\/index.php?rest_route=\/wp\/v2\/users\/3"}],"replies":[{"embeddable":true,"href":"https:\/\/revistazetta.com\/index.php?rest_route=%2Fwp%2Fv2%2Fcomments&post=15035"}],"version-history":[{"count":0,"href":"https:\/\/revistazetta.com\/index.php?rest_route=\/wp\/v2\/posts\/15035\/revisions"}],"wp:attachment":[{"href":"https:\/\/revistazetta.com\/index.php?rest_route=%2Fwp%2Fv2%2Fmedia&parent=15035"}],"wp:term":[{"taxonomy":"category","embeddable":true,"href":"https:\/\/revistazetta.com\/index.php?rest_route=%2Fwp%2Fv2%2Fcategories&post=15035"},{"taxonomy":"post_tag","embeddable":true,"href":"https:\/\/revistazetta.com\/index.php?rest_route=%2Fwp%2Fv2%2Ftags&post=15035"}],"curies":[{"name":"wp","href":"https:\/\/api.w.org\/{rel}","templated":true}]}}