{"id":15038,"date":"2016-08-09T07:29:53","date_gmt":"2016-08-09T12:29:53","guid":{"rendered":"http:\/\/www.revistazetta.com\/?p=15038"},"modified":"2016-08-09T07:29:53","modified_gmt":"2016-08-09T12:29:53","slug":"el-si-zarpo-en-cartagena","status":"publish","type":"post","link":"https:\/\/revistazetta.com\/?p=15038","title":{"rendered":"El Si zarp\u00f3 en Cartagena"},"content":{"rendered":"<p>La plaza de banderas del Centro de Convenciones se llen\u00f3 para el arranque de la campa\u00f1a por el si en el plebiscito por la paz, en donde llevaron la palabra representantes de los partidos de la alianza de goberino.<\/p>\n<p>La reuni\u00f3n estuvo encabezada por los senadores Daira Galvis M\u00e9ndez (Cambio Radical y Primera Vicepresidente del Senado), Andr\u00e9s Garc\u00eda Zuccardi (Partido de La U), y Antonio Correa Jim\u00e9nez (Opci\u00f3n Ciudadana), y los representantes a la C\u00e1mara Silvio Carrasquilla Torres (Partido Liberal), Karen Cure Corcione y Hernando Padau\u00ed \u00c1lvarez (Cambio Radical).<\/p>\n<p>Adem\u00e1s tuvieron como principal invitado al presidente del Senado, Mauricio Lizcano (Partido de la U) y a otros l\u00edderes for\u00e1neos como Antonio Sanguino, concejal de Bogot\u00e1 y presidente del Partido Alianza Verde.<\/p>\n<p>Pero entre ellos brillaba con luz propia Mart\u00edn Santos, hijo del presidente Juan Manuel Santos, quien adelant\u00f3 una agenda paralela para reunirse con j\u00f3venes bolivarenses.<\/p>\n<p>El llamado Comit\u00e9 Pol\u00edtico del Si a la Paz en Bol\u00edvar reiter\u00f3 los postulados del gobierno nacional en torno al proceso de paz, significando que la victoria en las urnas se dar\u00e1 con la uni\u00f3n de todas las fuerzas pol\u00edticas, por encima de las actuales encuestas que reportan una tendencia victoriosa del No.<\/p>\n<p>La reuni\u00f3n tambi\u00e9n tuvo la participaci\u00f3n de los concejales Duvinia Torres Cohen (Partido de La U), y Am\u00e9rico Mendoza Quesseps (Alianza Social Independiente).<\/p>\n","protected":false},"excerpt":{"rendered":"<p>La plaza de banderas del Centro de Convenciones se llen\u00f3 para el arranque de la campa\u00f1a por el si en el plebiscito por la paz, en donde llevaron la palabra representantes de los partidos de la alianza de goberino. La reuni\u00f3n estuvo encabezada por los senadores Daira Galvis M\u00e9ndez (Cambio Radical y Primera Vicepresidente del Senado), Andr\u00e9s Garc\u00eda Zuccardi (Partido de La U), y Antonio Correa Jim\u00e9nez (Opci\u00f3n Ciudadana), y los representantes a la C\u00e1mara Silvio Carrasquilla Torres (Partido Liberal), Karen Cure Corcione y Hernando Padau\u00ed \u00c1lvarez (Cambio Radical). Adem\u00e1s&#8230; <\/p>\n","protected":false},"author":3,"featured_media":15039,"comment_status":"open","ping_status":"closed","sticky":false,"template":"","format":"standard","meta":{"footnotes":"","_links_to":"","_links_to_target":""},"categories":[75,4],"tags":[],"class_list":["post-15038","post","type-post","status-publish","format-standard","has-post-thumbnail","hentry","category-destacada","category-politica"],"_links":{"self":[{"href":"https:\/\/revistazetta.com\/index.php?rest_route=\/wp\/v2\/posts\/15038","targetHints":{"allow":["GET"]}}],"collection":[{"href":"https:\/\/revistazetta.com\/index.php?rest_route=\/wp\/v2\/posts"}],"about":[{"href":"https:\/\/revistazetta.com\/index.php?rest_route=\/wp\/v2\/types\/post"}],"author":[{"embeddable":true,"href":"https:\/\/revistazetta.com\/index.php?rest_route=\/wp\/v2\/users\/3"}],"replies":[{"embeddable":true,"href":"https:\/\/revistazetta.com\/index.php?rest_route=%2Fwp%2Fv2%2Fcomments&post=15038"}],"version-history":[{"count":0,"href":"https:\/\/revistazetta.com\/index.php?rest_route=\/wp\/v2\/posts\/15038\/revisions"}],"wp:featuredmedia":[{"embeddable":true,"href":"https:\/\/revistazetta.com\/index.php?rest_route=\/wp\/v2\/media\/15039"}],"wp:attachment":[{"href":"https:\/\/revistazetta.com\/index.php?rest_route=%2Fwp%2Fv2%2Fmedia&parent=15038"}],"wp:term":[{"taxonomy":"category","embeddable":true,"href":"https:\/\/revistazetta.com\/index.php?rest_route=%2Fwp%2Fv2%2Fcategories&post=15038"},{"taxonomy":"post_tag","embeddable":true,"href":"https:\/\/revistazetta.com\/index.php?rest_route=%2Fwp%2Fv2%2Ftags&post=15038"}],"curies":[{"name":"wp","href":"https:\/\/api.w.org\/{rel}","templated":true}]}}