{"id":15040,"date":"2016-08-09T07:30:59","date_gmt":"2016-08-09T12:30:59","guid":{"rendered":"http:\/\/www.revistazetta.com\/?p=15040"},"modified":"2016-08-09T07:52:45","modified_gmt":"2016-08-09T12:52:45","slug":"tema-no-fue-la-paz-sino-la-politiqueria","status":"publish","type":"post","link":"https:\/\/revistazetta.com\/?p=15040","title":{"rendered":"El tema no fue la paz sino la politiquer\u00eda: Ara\u00fajo"},"content":{"rendered":"<p>El senador opositor Fernando Nicol\u00e1s Ara\u00fajo, del partido Centro Democr\u00e1tico, ahond\u00f3 sus cr\u00edticas al proceso de paz y critic\u00f3 el lanzamiento del Si en Cartagena, en donde se reunieron senadores de varios partidos que apoyan al gobierno.<\/p>\n<p>En una andanada de trinos en Twitter, el senador cartagenero dijo que \u201cen la reuni\u00f3n de los santistas no van a hablar de lo grave que es entregarle curules a las FARC. Van a hablar de politiquer\u00eda en nombre de la paz\u201d.<\/p>\n<p>Se\u00f1a\u00b4lo que tampoco se \u201cva a hablar de la impunidad que produce nueva violencia. Se va a hablar de la distribuci\u00f3n de la mermelada\u201d.<\/p>\n<p>Otros trinos fueron:<\/p>\n<p>En la reuni\u00f3n de los santistas no se va a hablar de c\u00f3mo las drogas inundan Cartagena. Se va a condicionar la inversi\u00f3n a cambio de la politiquer\u00eda.<\/p>\n<p>En la reuni\u00f3n de los santistas no se va a hablar de que las FARC no van a reparar a las v\u00edctimas. Se va a hablar de c\u00f3mo derrochar la plata del posacuerdo.<\/p>\n<p>En la reuni\u00f3n de los santistas no se va a hablar de que las FARC van a conservar la fortuna del narcotr\u00e1fico. Se va a hablar de c\u00f3mo maquinaria politiquera.<\/p>\n<p>En la reuni\u00f3n de los santistas no se va a hablar del IVA que quieren subir en diciembre. Van a hablar de c\u00f3mo repartir la burocracia.<\/p>\n<p>En la reuni\u00f3n de los santistas no van a hablar de c\u00f3mo corregir lo mal negociado para lograr la anhelada paz. Van amenazar a la ciudadan\u00eda para obligarlos a votar S\u00ed.<\/p>\n<p>En la reuni\u00f3n de los santistas no van a hablar de la inseguridad motivada por el microtr\u00e1fico. Van a intentar atemorizar con una guerra urbana.<\/p>\n<p>En la reuni\u00f3n de los santistas no van informar sobre la letra menuda de los acuerdos de La Habana. Van a ofrecer a los terroristas elegibilidad en contra de la Constituci\u00f3n.<\/p>\n<p>En la reuni\u00f3n de los santistas no van a mencionar los riesgos de convertir a Colombia en una nueva Venezuela. Van a obligar a los funcionarios a llevar gente para intentar adoctrinarlas.<\/p>\n<p>En la reuni\u00f3n de los santistas no van a mencionar que las FARC quieren convertir las zonas de concentraci\u00f3n en peque\u00f1as rep\u00fablicas socialistas. Van a omitir la verdad.<\/p>\n<p>En la reuni\u00f3n de los santistas no van a decir que van a traer soldados cubanos a Colombia. Van a buscar su provecho personal.<\/p>\n<p>En la reuni\u00f3n de los santistas no van a decir que votando S\u00ed Santos puede legislar sin debatir. Van a buscar la forma de enga\u00f1ar.<\/p>\n","protected":false},"excerpt":{"rendered":"<p>El senador opositor Fernando Nicol\u00e1s Ara\u00fajo, del partido Centro Democr\u00e1tico, ahond\u00f3 sus cr\u00edticas al proceso de paz y critic\u00f3 el lanzamiento del Si en Cartagena, en donde se reunieron senadores de varios partidos que apoyan al gobierno. En una andanada de trinos en Twitter, el senador cartagenero dijo que \u201cen la reuni\u00f3n de los santistas no van a hablar de lo grave que es entregarle curules a las FARC. Van a hablar de politiquer\u00eda en nombre de la paz\u201d. Se\u00f1a\u00b4lo que tampoco se \u201cva a hablar de la impunidad que&#8230; <\/p>\n","protected":false},"author":3,"featured_media":15042,"comment_status":"open","ping_status":"closed","sticky":false,"template":"","format":"standard","meta":{"footnotes":"","_links_to":"","_links_to_target":""},"categories":[4,26],"tags":[],"class_list":["post-15040","post","type-post","status-publish","format-standard","has-post-thumbnail","hentry","category-politica","category-politica-noticias"],"_links":{"self":[{"href":"https:\/\/revistazetta.com\/index.php?rest_route=\/wp\/v2\/posts\/15040","targetHints":{"allow":["GET"]}}],"collection":[{"href":"https:\/\/revistazetta.com\/index.php?rest_route=\/wp\/v2\/posts"}],"about":[{"href":"https:\/\/revistazetta.com\/index.php?rest_route=\/wp\/v2\/types\/post"}],"author":[{"embeddable":true,"href":"https:\/\/revistazetta.com\/index.php?rest_route=\/wp\/v2\/users\/3"}],"replies":[{"embeddable":true,"href":"https:\/\/revistazetta.com\/index.php?rest_route=%2Fwp%2Fv2%2Fcomments&post=15040"}],"version-history":[{"count":0,"href":"https:\/\/revistazetta.com\/index.php?rest_route=\/wp\/v2\/posts\/15040\/revisions"}],"wp:featuredmedia":[{"embeddable":true,"href":"https:\/\/revistazetta.com\/index.php?rest_route=\/wp\/v2\/media\/15042"}],"wp:attachment":[{"href":"https:\/\/revistazetta.com\/index.php?rest_route=%2Fwp%2Fv2%2Fmedia&parent=15040"}],"wp:term":[{"taxonomy":"category","embeddable":true,"href":"https:\/\/revistazetta.com\/index.php?rest_route=%2Fwp%2Fv2%2Fcategories&post=15040"},{"taxonomy":"post_tag","embeddable":true,"href":"https:\/\/revistazetta.com\/index.php?rest_route=%2Fwp%2Fv2%2Ftags&post=15040"}],"curies":[{"name":"wp","href":"https:\/\/api.w.org\/{rel}","templated":true}]}}