{"id":15041,"date":"2016-08-09T07:34:28","date_gmt":"2016-08-09T12:34:28","guid":{"rendered":"http:\/\/www.revistazetta.com\/?p=15041"},"modified":"2016-08-09T07:34:28","modified_gmt":"2016-08-09T12:34:28","slug":"apagon-dominguero-anuncia-electricaribe-cartagena","status":"publish","type":"post","link":"https:\/\/revistazetta.com\/?p=15041","title":{"rendered":"Apag\u00f3n dominguero anuncia Electricaribe en Cartagena"},"content":{"rendered":"<p>Con el fin de seguir trabajando en los planes de mantenimiento preventivo para la mejora del servicio, durante el pr\u00f3ximo domingo 14 de agosto Electricaribe program\u00f3 una interrupci\u00f3n del servicio en la Subestaci\u00f3n Zaragocilla.<br \/>\nLa programaci\u00f3n comenzar\u00e1 a las 7:00 a.m. y finalizar\u00e1 despu\u00e9s de 5:00 de la tarde, tiempo en el cual ingenieros y t\u00e9cnicos har\u00e1n mantenimiento al transformador N. 2 de la subestaci\u00f3n.<br \/>\nLos barrios que estar\u00e1n sin fluido el\u00e9ctrico son: Almirante Col\u00f3n, Blas de Lezo, Buenos Aires, Conjunto Residencial Nuevo Bosque, Conjunto Residencial Santillana de Los Patios, El Carmelo, El Country, El Milagro, Isabelina, La Troncal, Los Caracoles, Los Corales, Urbanizaci\u00f3n Camag\u00fcey, Urbanizaci\u00f3n Los Almendros, Urbanizaci\u00f3n Bah\u00eda, Urbanizaci\u00f3n Parque Residencial Country, Urbanizaci\u00f3n Plan 400, Urbanizaci\u00f3n San Pedro, Villa Country.<br \/>\nAdem\u00e1s, Zaragocilla, Urbanizaci\u00f3n Barlovento, La Victoria, El Campestre, Henequ\u00e9n, El Libertador, 20 de Julio, Antonio Jos\u00e9 de Sucre, El Reposo, Vista Hermosa, Urbanizaci\u00f3n Luis Carlos Gal\u00e1n, Escall\u00f3n Villa, Los Ejecutivos, Los \u00c1ngeles, 13 de Junio, Villa Margarita, El Porvenir, Nuevo Para\u00edso, sector Las Am\u00e9ricas, sector Pantano de Vargas, Fredonia, Urbanizaci\u00f3n Las Palmeras, San Jos\u00e9 Obrero y Nuevo Porvenir.<br \/>\nLa empresa hace el llamado a los clientes a adoptar medidas tendientes a proteger los equipos y dem\u00e1s elementos que funcionan con energ\u00eda el\u00e9ctrica. Cualquier inquietud comunicarse a trav\u00e9s del calla center de la empresa 115<br \/>\nPor \u00faltimo, Electricaribe ofrece disculpas a los clientes por las incomodidades que les puedan generar las interrupciones y reitera su disposici\u00f3n de trabajo permanente para garantizar la confiabilidad, continuidad y calidad en la prestaci\u00f3n del servicio.<\/p>\n","protected":false},"excerpt":{"rendered":"<p>Con el fin de seguir trabajando en los planes de mantenimiento preventivo para la mejora del servicio, durante el pr\u00f3ximo domingo 14 de agosto Electricaribe program\u00f3 una interrupci\u00f3n del servicio en la Subestaci\u00f3n Zaragocilla. La programaci\u00f3n comenzar\u00e1 a las 7:00 a.m. y finalizar\u00e1 despu\u00e9s de 5:00 de la tarde, tiempo en el cual ingenieros y t\u00e9cnicos har\u00e1n mantenimiento al transformador N. 2 de la subestaci\u00f3n. Los barrios que estar\u00e1n sin fluido el\u00e9ctrico son: Almirante Col\u00f3n, Blas de Lezo, Buenos Aires, Conjunto Residencial Nuevo Bosque, Conjunto Residencial Santillana de Los Patios,&#8230; <\/p>\n","protected":false},"author":3,"featured_media":0,"comment_status":"open","ping_status":"closed","sticky":false,"template":"","format":"standard","meta":{"footnotes":"","_links_to":"","_links_to_target":""},"categories":[2],"tags":[],"class_list":["post-15041","post","type-post","status-publish","format-standard","hentry","category-actualidad"],"_links":{"self":[{"href":"https:\/\/revistazetta.com\/index.php?rest_route=\/wp\/v2\/posts\/15041","targetHints":{"allow":["GET"]}}],"collection":[{"href":"https:\/\/revistazetta.com\/index.php?rest_route=\/wp\/v2\/posts"}],"about":[{"href":"https:\/\/revistazetta.com\/index.php?rest_route=\/wp\/v2\/types\/post"}],"author":[{"embeddable":true,"href":"https:\/\/revistazetta.com\/index.php?rest_route=\/wp\/v2\/users\/3"}],"replies":[{"embeddable":true,"href":"https:\/\/revistazetta.com\/index.php?rest_route=%2Fwp%2Fv2%2Fcomments&post=15041"}],"version-history":[{"count":0,"href":"https:\/\/revistazetta.com\/index.php?rest_route=\/wp\/v2\/posts\/15041\/revisions"}],"wp:attachment":[{"href":"https:\/\/revistazetta.com\/index.php?rest_route=%2Fwp%2Fv2%2Fmedia&parent=15041"}],"wp:term":[{"taxonomy":"category","embeddable":true,"href":"https:\/\/revistazetta.com\/index.php?rest_route=%2Fwp%2Fv2%2Fcategories&post=15041"},{"taxonomy":"post_tag","embeddable":true,"href":"https:\/\/revistazetta.com\/index.php?rest_route=%2Fwp%2Fv2%2Ftags&post=15041"}],"curies":[{"name":"wp","href":"https:\/\/api.w.org\/{rel}","templated":true}]}}