{"id":15044,"date":"2016-08-09T16:56:40","date_gmt":"2016-08-09T21:56:40","guid":{"rendered":"http:\/\/www.revistazetta.com\/?p=15044"},"modified":"2016-08-09T16:56:40","modified_gmt":"2016-08-09T21:56:40","slug":"distrito-adecuara-casa-funcione-estacion-policia-turismo","status":"publish","type":"post","link":"https:\/\/revistazetta.com\/?p=15044","title":{"rendered":"Distrito adecuar\u00e1 casa para que funcione como estaci\u00f3n de Polic\u00eda de Turismo"},"content":{"rendered":"<p style=\"text-align: justify;\">A ra\u00edz de varias peticiones referentes a los problemas de seguridad que se presentan en la zona tur\u00edstica de Bocagrande y Centro de la ciudad, denunciadas por parte del gremio hotelero, la administraci\u00f3n <strong>Primero la Gente<\/strong> se comprometi\u00f3 a adecuar una casa en el Centro Hist\u00f3rico, al lado del Claustro de San Agust\u00edn, para que funcione como estaci\u00f3n de Polic\u00eda. El nuevo comando contar\u00e1 con uniformados especializados en temas de turismo y la adecuaci\u00f3n del inmueble se har\u00e1 con recursos propios del Distrito de Cartagena.\u00a0El inmueble es propiedad de la Polic\u00eda Nacional y se espera que \u00a0est\u00e9 listo en dos meses.<\/p>\n<p style=\"text-align: justify;\"><strong>Fernando Ni\u00f1o Mendoza<\/strong>, secretario del Interior y Convivencia Ciudadana, asegur\u00f3 que durante el consejo de seguridad realizado este martes con la agremiaci\u00f3n de hoteleros, se lograron varios acuerdos y uno de los m\u00e1s importantes es la restauraci\u00f3n de dicha vivienda ya que de esta manera se atender\u00e1n los problemas de manera inmediata.<\/p>\n<p style=\"text-align: justify;\">\u201cAcordamos mesas de trabajo del gremio hotelero y realizaremos acciones de inteligencia, ellos se comprometieron a trabajar de la mano con el gobierno. Haremos las reparaciones de la casa y los polic\u00edas ser\u00e1n expertos en el tema que los aqueja, destinados espec\u00edficamente para acciones de control y prevenci\u00f3n en el C<strong>entro, Bocagrande, Castillogrande y El Laguito<\/strong>\u201d, dijo el funcionario.<\/p>\n<p style=\"text-align: justify;\">Anunci\u00f3 adem\u00e1s que desde esta misma semana iniciar\u00e1n los controles en las zonas y que la Avenida del Malec\u00f3n ser\u00e1 iluminada ya que debido a escases de luz, delincuentes tienen azotada la v\u00eda. \u201cVamos a hacer operativos de control a espacio p\u00fablico, tr\u00e1fico y venta de estupefacientes, y prostituci\u00f3n. Tambi\u00e9n dialogaremos con el concesionario para darle pronta soluci\u00f3n al problema de iluminaci\u00f3n\u201d, asegur\u00f3 Ni\u00f1o Mendoza.<\/p>\n<p style=\"text-align: justify;\"><strong>Decreto prohibir\u00e1 el parqueo en \u2018La Playita\u2019 de Castillogrande<\/strong><\/p>\n<p style=\"text-align: justify;\">Por orden del alcalde <strong>Manolo Duque<\/strong> en los pr\u00f3ximos d\u00edas la <strong>Alcald\u00eda Mayor<\/strong> emitir\u00e1 un decreto que proh\u00edbe el parqueo en horario nocturno de veh\u00edculos en la zona de \u2018<strong>La Playita<\/strong>\u2019 del barrio Castillogrande y en la Bah\u00eda de Bocagrande, situaci\u00f3n que por a\u00f1os ha tenido en vela a residentes de esas comunidades.<\/p>\n<p style=\"text-align: justify;\">\u201cBuscamos controlar el orden p\u00fablico, que las personas est\u00e9n tranquilas porque son muchos los carros que se parquean. Se presentan ri\u00f1as y hacen emisiones de sonido por encima de los decibeles permitidos por la ley y no dejan dormir a las personas\u201d, anot\u00f3 el Secretario del Interior.<\/p>\n","protected":false},"excerpt":{"rendered":"<p>A ra\u00edz de varias peticiones referentes a los problemas de seguridad que se presentan en la zona tur\u00edstica de Bocagrande y Centro de la ciudad, denunciadas por parte del gremio hotelero, la administraci\u00f3n Primero la Gente se comprometi\u00f3 a adecuar una casa en el Centro Hist\u00f3rico, al lado del Claustro de San Agust\u00edn, para que funcione como estaci\u00f3n de Polic\u00eda. El nuevo comando contar\u00e1 con uniformados especializados en temas de turismo y la adecuaci\u00f3n del inmueble se har\u00e1 con recursos propios del Distrito de Cartagena.\u00a0El inmueble es propiedad de la&#8230; <\/p>\n","protected":false},"author":3,"featured_media":15045,"comment_status":"open","ping_status":"closed","sticky":false,"template":"","format":"standard","meta":{"footnotes":"","_links_to":"","_links_to_target":""},"categories":[32],"tags":[],"class_list":["post-15044","post","type-post","status-publish","format-standard","has-post-thumbnail","hentry","category-actualidad-distrito"],"_links":{"self":[{"href":"https:\/\/revistazetta.com\/index.php?rest_route=\/wp\/v2\/posts\/15044","targetHints":{"allow":["GET"]}}],"collection":[{"href":"https:\/\/revistazetta.com\/index.php?rest_route=\/wp\/v2\/posts"}],"about":[{"href":"https:\/\/revistazetta.com\/index.php?rest_route=\/wp\/v2\/types\/post"}],"author":[{"embeddable":true,"href":"https:\/\/revistazetta.com\/index.php?rest_route=\/wp\/v2\/users\/3"}],"replies":[{"embeddable":true,"href":"https:\/\/revistazetta.com\/index.php?rest_route=%2Fwp%2Fv2%2Fcomments&post=15044"}],"version-history":[{"count":0,"href":"https:\/\/revistazetta.com\/index.php?rest_route=\/wp\/v2\/posts\/15044\/revisions"}],"wp:featuredmedia":[{"embeddable":true,"href":"https:\/\/revistazetta.com\/index.php?rest_route=\/wp\/v2\/media\/15045"}],"wp:attachment":[{"href":"https:\/\/revistazetta.com\/index.php?rest_route=%2Fwp%2Fv2%2Fmedia&parent=15044"}],"wp:term":[{"taxonomy":"category","embeddable":true,"href":"https:\/\/revistazetta.com\/index.php?rest_route=%2Fwp%2Fv2%2Fcategories&post=15044"},{"taxonomy":"post_tag","embeddable":true,"href":"https:\/\/revistazetta.com\/index.php?rest_route=%2Fwp%2Fv2%2Ftags&post=15044"}],"curies":[{"name":"wp","href":"https:\/\/api.w.org\/{rel}","templated":true}]}}