{"id":15056,"date":"2016-08-09T21:59:06","date_gmt":"2016-08-10T02:59:06","guid":{"rendered":"http:\/\/www.revistazetta.com\/?p=15056"},"modified":"2016-08-09T21:59:06","modified_gmt":"2016-08-10T02:59:06","slug":"juegos-intercolegiados-superate-ya-campeones-distritales","status":"publish","type":"post","link":"https:\/\/revistazetta.com\/?p=15056","title":{"rendered":"Juegos Intercolegiados \u2018Sup\u00e9rate\u2019 ya tiene campeones distritales"},"content":{"rendered":"<p>Los Juegos Sup\u00e9rate Intercolegiados, organizados a trav\u00e9s del Instituto Distrital de Recreaci\u00f3n y Deportes, Ider, ya tiene campeones en la Fase Distrital de Cartagena, que seguir\u00e1n su preparaci\u00f3n para representar a la ciudad en la fase departamental.<\/p>\n<p>La primera disciplina que entreg\u00f3 campeones fue el voleibol: en la Categor\u00eda A, rama masculina el triunfo fue para la Instituci\u00f3n Educativa Jos\u00e9 De La Vega, mientras que en femenino el Colegio de La Salle se llev\u00f3 los honores.<\/p>\n<p>En la Categor\u00eda B en ambas ramas se coronaron campeones los seleccionados de la Instituci\u00f3n Educativa Soledad Acosta de Samper (IESAS).<\/p>\n<p>Las finales en Baloncesto se llevaron a cabo en el coliseo Bernardo Caraballo. En la categor\u00eda B de la rama masculina el campe\u00f3n fue el colegio Salesianos y en la rama femenina fue el IESAS. En la categor\u00eda A Comfenalco gan\u00f3 en la rama masculina y el IESAS repiti\u00f3 en la rama femenina.<\/p>\n<p>Tambi\u00e9n finalizaron las competencias del tenis de mesa en el coliseo Chico de Hierro. Los campeones en la rama masculina de la categor\u00eda A y B fueron Germ\u00e1n Z\u00fa\u00f1iga del colegio Mar\u00eda Montessori y Alejandro Osorio del Gimnasio Cartagena de Indias respectivamente<\/p>\n<p>Por la rama femenina, Mar\u00eda Meneses en la categor\u00eda A y Luisa Meneses en la categor\u00eda B, fueron las campeonas, ambas del colegio La Salle.<\/p>\n<p>El patinaje coron\u00f3 campeones en la Categor\u00eda A de la rama masculina a Jos\u00e9 Morales en los 500 metros bater\u00edas del colegio Fe y Alegr\u00eda de las Gaviotas. En la prueba por puntos result\u00f3 campe\u00f3n Jonal Gory del colegio Salesianos y en la prueba de los 1.000 metros el trunfador fue Juan Rojas de la Instituci\u00f3n Educativa Antonia Santos.<\/p>\n<p>Por la rama femenina estuvieron en lo m\u00e1s alto del p\u00f3dium distrital en la categor\u00eda B las deportistas Alexa Simancas de la Instituci\u00f3n Educativa Soledad Acosta de Samper en los 1.000 metros y Olga Prens del colegio Nuestra Se\u00f1ora de F\u00e1tima de la Polic\u00eda en los 500 metros bater\u00edas y prueba Eliminaci\u00f3n.<\/p>\n<p>En el atletismo se coronaron campeones en los 80 metros de la categor\u00eda A, Yolandi Cardales de la Instituci\u00f3n Educativa Tierra Bomba y Zaira Cassiani de la Instituci\u00f3n Educativa Mercedes \u00c1brego. Por la rama masculina los ganadores fueron Juan S\u00e1nchez del colegio Comfenalco y Alejandro Rodr\u00edguez del colegio Salesianos. En la categor\u00eda B, gan\u00f3 Jhon Guardo en los 200 metros, de la Instituci\u00f3n Educativa Ana Mar\u00eda V\u00e9lez de Trujillo y Gloribeth Castro de la rama femenina en los 200 metros, de la Instituci\u00f3n Educativa Soledad Rom\u00e1n de N\u00fa\u00f1ez.<\/p>\n<p><strong>\u00a0<\/strong><\/p>\n<p><strong>Otros deportes<\/strong><\/p>\n<p>El b\u00e9isbol es otro deporte que cuenta con masiva participaci\u00f3n por ser de tradici\u00f3n en la ciudad. Las finales se llevar\u00e1n a cabo este viernes 12 de agosto en el estadio 11 de noviembre a las 9:00 de la ma\u00f1ana.<\/p>\n<p>Por su parte el s\u00f3ftbol entregar\u00e1 campeones este jueves. cuando se dispute la final en el estadio de Chiquinquir\u00e1, Argemiro Berm\u00fadez.<\/p>\n<p>El ajedrez y balonmano arrancaron competencias este martes en el complejo de raquetas y coliseo de combates respectivamente. La nataci\u00f3n inicia la pr\u00f3xima semana en el complejo acu\u00e1tico.<\/p>\n","protected":false},"excerpt":{"rendered":"<p>Los Juegos Sup\u00e9rate Intercolegiados, organizados a trav\u00e9s del Instituto Distrital de Recreaci\u00f3n y Deportes, Ider, ya tiene campeones en la Fase Distrital de Cartagena, que seguir\u00e1n su preparaci\u00f3n para representar a la ciudad en la fase departamental. La primera disciplina que entreg\u00f3 campeones fue el voleibol: en la Categor\u00eda A, rama masculina el triunfo fue para la Instituci\u00f3n Educativa Jos\u00e9 De La Vega, mientras que en femenino el Colegio de La Salle se llev\u00f3 los honores. En la Categor\u00eda B en ambas ramas se coronaron campeones los seleccionados de la&#8230; <\/p>\n","protected":false},"author":3,"featured_media":15057,"comment_status":"open","ping_status":"closed","sticky":false,"template":"","format":"standard","meta":{"footnotes":"","_links_to":"","_links_to_target":""},"categories":[2,53,89],"tags":[],"class_list":["post-15056","post","type-post","status-publish","format-standard","has-post-thumbnail","hentry","category-actualidad","category-deportes","category-ider"],"_links":{"self":[{"href":"https:\/\/revistazetta.com\/index.php?rest_route=\/wp\/v2\/posts\/15056","targetHints":{"allow":["GET"]}}],"collection":[{"href":"https:\/\/revistazetta.com\/index.php?rest_route=\/wp\/v2\/posts"}],"about":[{"href":"https:\/\/revistazetta.com\/index.php?rest_route=\/wp\/v2\/types\/post"}],"author":[{"embeddable":true,"href":"https:\/\/revistazetta.com\/index.php?rest_route=\/wp\/v2\/users\/3"}],"replies":[{"embeddable":true,"href":"https:\/\/revistazetta.com\/index.php?rest_route=%2Fwp%2Fv2%2Fcomments&post=15056"}],"version-history":[{"count":0,"href":"https:\/\/revistazetta.com\/index.php?rest_route=\/wp\/v2\/posts\/15056\/revisions"}],"wp:featuredmedia":[{"embeddable":true,"href":"https:\/\/revistazetta.com\/index.php?rest_route=\/wp\/v2\/media\/15057"}],"wp:attachment":[{"href":"https:\/\/revistazetta.com\/index.php?rest_route=%2Fwp%2Fv2%2Fmedia&parent=15056"}],"wp:term":[{"taxonomy":"category","embeddable":true,"href":"https:\/\/revistazetta.com\/index.php?rest_route=%2Fwp%2Fv2%2Fcategories&post=15056"},{"taxonomy":"post_tag","embeddable":true,"href":"https:\/\/revistazetta.com\/index.php?rest_route=%2Fwp%2Fv2%2Ftags&post=15056"}],"curies":[{"name":"wp","href":"https:\/\/api.w.org\/{rel}","templated":true}]}}