{"id":15059,"date":"2016-08-10T12:22:48","date_gmt":"2016-08-10T17:22:48","guid":{"rendered":"http:\/\/www.revistazetta.com\/?p=15059"},"modified":"2016-08-10T15:01:56","modified_gmt":"2016-08-10T20:01:56","slug":"aroldo-coneo-nuevo-secretario-general-del-concejo","status":"publish","type":"post","link":"https:\/\/revistazetta.com\/?p=15059","title":{"rendered":"Aroldo Coneo es el nuevo Secretario General del Concejo"},"content":{"rendered":"<p>El Concejo Distrital de Cartagena estuvo siete meses\u00a0meses sin Secretario General, hasta que este mi\u00e9rcoles fue escogido el abogado<strong> Aroldo Coneo C\u00e1rdenas,<\/strong> con 14 votos a favor de\u00a0los concejales Erich Pi\u00f1a, Duvinia Torres, David D\u00e1ger, Ronald Fortich, Luis Cassiani, Cesar Pi\u00f3n, David Caballero, Lewis Montero, Am\u00e9rico Mendoza, Carlos Barrios, Vicente Blel , Willian P\u00e9rez, Rafael Meza y Javier Curi.<\/p>\n<p>Los cinco votos restantes fueron para Rita Victoria Amador por parte de Jorge Useche, Edgar Mendoza, Ang\u00e9lica Hodeg, Antonio Salim Guerra y Zaith Adechine.<\/p>\n<p>Coneo C\u00e1rdenas es abogado de la <strong>Universidad de Cartagena<\/strong>, especialista en Gesti\u00f3n P\u00fablica de la ESAP y de Derecho Administrativo\u00a0 de la Universidad Libre. Anteriormente tuvo la oportunidad de desempe\u00f1arse como jefe administrativo en la corporaci\u00f3n.<img loading=\"lazy\" decoding=\"async\" class=\"alignright size-medium wp-image-15061\" src=\"https:\/\/www.revistazetta.com\/wp-content\/uploads\/2016\/08\/NSG1-300x187.jpg\" alt=\"NSG1\" width=\"300\" height=\"187\" srcset=\"https:\/\/revistazetta.com\/wp-content\/uploads\/2016\/08\/NSG1-300x187.jpg 300w, https:\/\/revistazetta.com\/wp-content\/uploads\/2016\/08\/NSG1-234x146.jpg 234w, https:\/\/revistazetta.com\/wp-content\/uploads\/2016\/08\/NSG1-50x31.jpg 50w, https:\/\/revistazetta.com\/wp-content\/uploads\/2016\/08\/NSG1-120x75.jpg 120w, https:\/\/revistazetta.com\/wp-content\/uploads\/2016\/08\/NSG1.jpg 570w\" sizes=\"auto, (max-width: 300px) 100vw, 300px\" \/><\/p>\n<p>El concejal de la bancada liberal, <strong>Erich Pi\u00f1a<\/strong>, quien es cercano al nuevo secretario general, expres\u00f3 que Coneo cuenta con todas las garant\u00edas para ocupar el cargo y la ciudadan\u00eda y toda la corporaci\u00f3n podr\u00e1 evidenciar su buen desempe\u00f1o.<\/p>\n<p>Durante estos siete meses\u00a0la labor de Secretario General en las sesiones del Concejo Distrital la ejerci\u00f3 de manera honor\u00edfica el concejal conservador Rafael Meza P\u00e9rez.<\/p>\n","protected":false},"excerpt":{"rendered":"<p>El Concejo Distrital de Cartagena estuvo siete meses\u00a0meses sin Secretario General, hasta que este mi\u00e9rcoles fue escogido el abogado Aroldo Coneo C\u00e1rdenas, con 14 votos a favor de\u00a0los concejales Erich Pi\u00f1a, Duvinia Torres, David D\u00e1ger, Ronald Fortich, Luis Cassiani, Cesar Pi\u00f3n, David Caballero, Lewis Montero, Am\u00e9rico Mendoza, Carlos Barrios, Vicente Blel , Willian P\u00e9rez, Rafael Meza y Javier Curi. Los cinco votos restantes fueron para Rita Victoria Amador por parte de Jorge Useche, Edgar Mendoza, Ang\u00e9lica Hodeg, Antonio Salim Guerra y Zaith Adechine. Coneo C\u00e1rdenas es abogado de la Universidad&#8230; <\/p>\n","protected":false},"author":3,"featured_media":15062,"comment_status":"open","ping_status":"closed","sticky":false,"template":"","format":"standard","meta":{"footnotes":"","_links_to":"","_links_to_target":""},"categories":[75,27],"tags":[],"class_list":["post-15059","post","type-post","status-publish","format-standard","has-post-thumbnail","hentry","category-destacada","category-politicaconcejo"],"_links":{"self":[{"href":"https:\/\/revistazetta.com\/index.php?rest_route=\/wp\/v2\/posts\/15059","targetHints":{"allow":["GET"]}}],"collection":[{"href":"https:\/\/revistazetta.com\/index.php?rest_route=\/wp\/v2\/posts"}],"about":[{"href":"https:\/\/revistazetta.com\/index.php?rest_route=\/wp\/v2\/types\/post"}],"author":[{"embeddable":true,"href":"https:\/\/revistazetta.com\/index.php?rest_route=\/wp\/v2\/users\/3"}],"replies":[{"embeddable":true,"href":"https:\/\/revistazetta.com\/index.php?rest_route=%2Fwp%2Fv2%2Fcomments&post=15059"}],"version-history":[{"count":0,"href":"https:\/\/revistazetta.com\/index.php?rest_route=\/wp\/v2\/posts\/15059\/revisions"}],"wp:featuredmedia":[{"embeddable":true,"href":"https:\/\/revistazetta.com\/index.php?rest_route=\/wp\/v2\/media\/15062"}],"wp:attachment":[{"href":"https:\/\/revistazetta.com\/index.php?rest_route=%2Fwp%2Fv2%2Fmedia&parent=15059"}],"wp:term":[{"taxonomy":"category","embeddable":true,"href":"https:\/\/revistazetta.com\/index.php?rest_route=%2Fwp%2Fv2%2Fcategories&post=15059"},{"taxonomy":"post_tag","embeddable":true,"href":"https:\/\/revistazetta.com\/index.php?rest_route=%2Fwp%2Fv2%2Ftags&post=15059"}],"curies":[{"name":"wp","href":"https:\/\/api.w.org\/{rel}","templated":true}]}}