{"id":15066,"date":"2016-08-10T14:33:42","date_gmt":"2016-08-10T19:33:42","guid":{"rendered":"http:\/\/www.revistazetta.com\/?p=15066"},"modified":"2016-08-10T15:03:25","modified_gmt":"2016-08-10T20:03:25","slug":"algo-lo-viene-proximo-periodo-sesiones","status":"publish","type":"post","link":"https:\/\/revistazetta.com\/?p=15066","title":{"rendered":"Algo de lo que viene para el pr\u00f3ximo periodo de sesiones"},"content":{"rendered":"<p>El concejal de Cartagena Confirma, Ronal Fortich, asegura que viene un periodo de sesiones y de cosas importantes para la ciudad.\u00a0Empleo, educaci\u00f3n, seguridad, alumbrado p\u00fablico y turismo son temas a los que les abrir\u00e1 un espacio de discusi\u00f3n desde su bancada para el pr\u00f3ximo periodo de sesiones ordinarias del Concejo Distrital.<\/p>\n<p>Calific\u00f3 con un balance muy positivo la culminaci\u00f3n del segundo periodo de sesiones durante el cual considera que la corporaci\u00f3n se mostr\u00f3 muy proactiva. \u201cHemos trabajado de manera ardua\u00a0 y din\u00e1mica y en temas de ciudad muy importantes\u201d afirm\u00f3.<\/p>\n<p>El concejal opina que el tema del \u00a0empleo no puede quedar por fuera teniendo en cuenta que si bien Cartagena tiene la menor tasa de desempleo del pa\u00eds, tambi\u00e9n es cierto que cuanta con la mayor tasa de informalidad. Igualmente continuar\u00e1 trabajando en \u00a0el tema de la seguridad, los casos de extorci\u00f3n, hacinamiento y el micro tr\u00e1fico en las c\u00e1rceles.<\/p>\n<p>El fortalecimiento del turismo y la construcci\u00f3n, un servicio eficiente de alumbrado p\u00fablico y la \u00a0deserci\u00f3n escolar tambi\u00e9n ser\u00e1n protagonistas.<\/p>\n<p>Desde la bancada liberal, Erich Pi\u00f1a asegur\u00f3 que seguir\u00e1 trabajando para que a proyectos como los de supervisi\u00f3n a transportes verticales, la seguridad en las playas o la grave situaci\u00f3n de los cementerios de la ciudad, se le den pronta soluci\u00f3n.<\/p>\n<p>Por su parte David Caballero, del partido Conservador, prometi\u00f3 que un tema \u201cque se va a poner bastante muela\u201d para el pr\u00f3ximo periodo es el de los postes; la idea es que se imponga multa en dinero,\u00a0 \u201cpara que se dejen de ensuciar los postes de la ciudad de Cartagena y haya m\u00e1s control con respecto al cableado y las redes\u201d <a href=\"https:\/\/www.revistazetta.com\/?p=14468\">El oprobioso manto que cubre a Cartagena<\/a><\/p>\n","protected":false},"excerpt":{"rendered":"<p>El concejal de Cartagena Confirma, Ronal Fortich, asegura que viene un periodo de sesiones y de cosas importantes para la ciudad.\u00a0Empleo, educaci\u00f3n, seguridad, alumbrado p\u00fablico y turismo son temas a los que les abrir\u00e1 un espacio de discusi\u00f3n desde su bancada para el pr\u00f3ximo periodo de sesiones ordinarias del Concejo Distrital. Calific\u00f3 con un balance muy positivo la culminaci\u00f3n del segundo periodo de sesiones durante el cual considera que la corporaci\u00f3n se mostr\u00f3 muy proactiva. \u201cHemos trabajado de manera ardua\u00a0 y din\u00e1mica y en temas de ciudad muy importantes\u201d afirm\u00f3&#8230;. <\/p>\n","protected":false},"author":3,"featured_media":0,"comment_status":"open","ping_status":"closed","sticky":false,"template":"","format":"standard","meta":{"footnotes":"","_links_to":"","_links_to_target":""},"categories":[27,4],"tags":[],"class_list":["post-15066","post","type-post","status-publish","format-standard","hentry","category-politicaconcejo","category-politica"],"_links":{"self":[{"href":"https:\/\/revistazetta.com\/index.php?rest_route=\/wp\/v2\/posts\/15066","targetHints":{"allow":["GET"]}}],"collection":[{"href":"https:\/\/revistazetta.com\/index.php?rest_route=\/wp\/v2\/posts"}],"about":[{"href":"https:\/\/revistazetta.com\/index.php?rest_route=\/wp\/v2\/types\/post"}],"author":[{"embeddable":true,"href":"https:\/\/revistazetta.com\/index.php?rest_route=\/wp\/v2\/users\/3"}],"replies":[{"embeddable":true,"href":"https:\/\/revistazetta.com\/index.php?rest_route=%2Fwp%2Fv2%2Fcomments&post=15066"}],"version-history":[{"count":0,"href":"https:\/\/revistazetta.com\/index.php?rest_route=\/wp\/v2\/posts\/15066\/revisions"}],"wp:attachment":[{"href":"https:\/\/revistazetta.com\/index.php?rest_route=%2Fwp%2Fv2%2Fmedia&parent=15066"}],"wp:term":[{"taxonomy":"category","embeddable":true,"href":"https:\/\/revistazetta.com\/index.php?rest_route=%2Fwp%2Fv2%2Fcategories&post=15066"},{"taxonomy":"post_tag","embeddable":true,"href":"https:\/\/revistazetta.com\/index.php?rest_route=%2Fwp%2Fv2%2Ftags&post=15066"}],"curies":[{"name":"wp","href":"https:\/\/api.w.org\/{rel}","templated":true}]}}