{"id":15069,"date":"2016-08-10T15:57:28","date_gmt":"2016-08-10T20:57:28","guid":{"rendered":"http:\/\/www.revistazetta.com\/?p=15069"},"modified":"2016-08-11T06:02:37","modified_gmt":"2016-08-11T11:02:37","slug":"ejercicio-control-politico-exige-garantias","status":"publish","type":"post","link":"https:\/\/revistazetta.com\/?p=15069","title":{"rendered":"Estamentos pol\u00edticos se solidarizan con diputado amenazado"},"content":{"rendered":"<p>La bancada de Bol\u00edvar en el Congreso, el gobernador de Bol\u00edvar, la Asamblea Departamental y el Concejo de Cartagena se solidarizaron con el diputado Manuel Berr\u00edo Scaff (Cambio Radical), v\u00edctima de amenazas.<\/p>\n<p>El pasado martes el diputado Manuel Berrio Scaff recibi\u00f3 amenazas contra su vida y la de su hija a trav\u00e9s de una llamada que le exig\u00eda salir de la ciudad en un tiempo no mayor a 24 horas, oblig\u00e1ndolo a abandonar Cartagena de forma inmediata.<\/p>\n<p>La bancada parlamentaria de Bol\u00edvar decidi\u00f3 unirse para exigir medidas de protecci\u00f3n y atenci\u00f3n a esta seria denuncia, y solicitan a las entidades responsables tomar acciones para proteger a este diputado que tuvo que abandonar sus funciones para poder salvaguardar su integridad y la de su familia.<\/p>\n<p>\u201cManifestamos nuestra voz de rechazo absoluto frente a los actos que constri\u00f1en el ejercicio del control pol\u00edtico en cabeza de la corporaci\u00f3n p\u00fablica departamental y sus miembros; no podemos permitir que nuestras instituciones p\u00fablicas se encuentren maniatadas y amedrentadas por situaciones de seguridad\u201d, indica la carta firmada por los congresistas de Bol\u00edvar.<\/p>\n<p>El documento fue enviado a la Unidad Nacional de Protecci\u00f3n, Ministerio del Interior, Ministerio de Defensa, Polic\u00eda Nacional y al Gobernador de Bol\u00edvar, para que se haga seguimiento, se investigue y se logre brindar mayores medidas de seguridad para este funcionario y todos los que ejercen el control pol\u00edtico en el departamento.<\/p>\n<p>El diputado Manuel ha hecho diferentes denuncias ante la Asamblea Departamental por hechos como irregularidades en la contrataci\u00f3n del Hospital Universitario del Caribe, as\u00ed como contratos de infraestructura de la pasada administraci\u00f3n departamental en cabeza del ex gobernador Juan Carlos Gossa\u00edn.<\/p>\n<p>Diputados de la Asamblea Departamental, por medio de un comunicado de prensa, manifestaron sentir que no cuenta con \u00a0las garant\u00edas para ejercer las funciones que legal y constitucionalmente les corresponde, y solicitaron a las autoridades competentes realizar las investigaciones pertinentes a la mayor brevedad para esclarecer los hechos y garantizar la seguridad de Berr\u00edo Scaff.<\/p>\n<p>Solicita un estudio de seguridad a cada uno de los diputados y se tomen las medidas necesarias para que estos puedan seguir ejerciendo su labor.<\/p>\n<p>El Concejo de Cartagena repudi\u00f3 el hecho dejando claro que es algo a lo que est\u00e1n expuestos quienes trabajan en el control pol\u00edtico por lo que hacen eco de la petici\u00f3n de la Asamblea al pedir garant\u00edas.<\/p>\n<p>&nbsp;<\/p>\n","protected":false},"excerpt":{"rendered":"<p>La bancada de Bol\u00edvar en el Congreso, el gobernador de Bol\u00edvar, la Asamblea Departamental y el Concejo de Cartagena se solidarizaron con el diputado Manuel Berr\u00edo Scaff (Cambio Radical), v\u00edctima de amenazas. El pasado martes el diputado Manuel Berrio Scaff recibi\u00f3 amenazas contra su vida y la de su hija a trav\u00e9s de una llamada que le exig\u00eda salir de la ciudad en un tiempo no mayor a 24 horas, oblig\u00e1ndolo a abandonar Cartagena de forma inmediata. La bancada parlamentaria de Bol\u00edvar decidi\u00f3 unirse para exigir medidas de protecci\u00f3n y&#8230; <\/p>\n","protected":false},"author":3,"featured_media":15081,"comment_status":"open","ping_status":"closed","sticky":false,"template":"","format":"standard","meta":{"footnotes":"","_links_to":"","_links_to_target":""},"categories":[4,28,27,75],"tags":[],"class_list":["post-15069","post","type-post","status-publish","format-standard","has-post-thumbnail","hentry","category-politica","category-politica-asamblea","category-politicaconcejo","category-destacada"],"_links":{"self":[{"href":"https:\/\/revistazetta.com\/index.php?rest_route=\/wp\/v2\/posts\/15069","targetHints":{"allow":["GET"]}}],"collection":[{"href":"https:\/\/revistazetta.com\/index.php?rest_route=\/wp\/v2\/posts"}],"about":[{"href":"https:\/\/revistazetta.com\/index.php?rest_route=\/wp\/v2\/types\/post"}],"author":[{"embeddable":true,"href":"https:\/\/revistazetta.com\/index.php?rest_route=\/wp\/v2\/users\/3"}],"replies":[{"embeddable":true,"href":"https:\/\/revistazetta.com\/index.php?rest_route=%2Fwp%2Fv2%2Fcomments&post=15069"}],"version-history":[{"count":0,"href":"https:\/\/revistazetta.com\/index.php?rest_route=\/wp\/v2\/posts\/15069\/revisions"}],"wp:featuredmedia":[{"embeddable":true,"href":"https:\/\/revistazetta.com\/index.php?rest_route=\/wp\/v2\/media\/15081"}],"wp:attachment":[{"href":"https:\/\/revistazetta.com\/index.php?rest_route=%2Fwp%2Fv2%2Fmedia&parent=15069"}],"wp:term":[{"taxonomy":"category","embeddable":true,"href":"https:\/\/revistazetta.com\/index.php?rest_route=%2Fwp%2Fv2%2Fcategories&post=15069"},{"taxonomy":"post_tag","embeddable":true,"href":"https:\/\/revistazetta.com\/index.php?rest_route=%2Fwp%2Fv2%2Ftags&post=15069"}],"curies":[{"name":"wp","href":"https:\/\/api.w.org\/{rel}","templated":true}]}}