{"id":15092,"date":"2016-08-11T20:10:21","date_gmt":"2016-08-12T01:10:21","guid":{"rendered":"http:\/\/www.revistazetta.com\/?p=15092"},"modified":"2016-08-11T20:10:21","modified_gmt":"2016-08-12T01:10:21","slug":"plan-desarrollo-la-localidad-3-logra-consenso-academia-sector-industrital","status":"publish","type":"post","link":"https:\/\/revistazetta.com\/?p=15092","title":{"rendered":"Plan de desarrollo de la Localidad 3 logra consenso con academia y sector industrital"},"content":{"rendered":"<p>En el proceso de construcci\u00f3n del Plan de Desarrollo\u00a0\u2018Con seguridad Primero la Gente en mi Localidad\u2019, de la <strong>Localidad Industrial y de la Bah\u00eda<\/strong>, la academia y el sector industrial han expresado su intenci\u00f3n de aportar para sacar adelante esta zona de Cartagena.<\/p>\n<p><img loading=\"lazy\" decoding=\"async\" class=\"alignright size-medium wp-image-15099\" src=\"https:\/\/www.revistazetta.com\/wp-content\/uploads\/2016\/08\/PDL32-300x187.jpg\" alt=\"PDL32\" width=\"300\" height=\"187\" srcset=\"https:\/\/revistazetta.com\/wp-content\/uploads\/2016\/08\/PDL32-300x187.jpg 300w, https:\/\/revistazetta.com\/wp-content\/uploads\/2016\/08\/PDL32-234x146.jpg 234w, https:\/\/revistazetta.com\/wp-content\/uploads\/2016\/08\/PDL32-50x31.jpg 50w, https:\/\/revistazetta.com\/wp-content\/uploads\/2016\/08\/PDL32-120x75.jpg 120w, https:\/\/revistazetta.com\/wp-content\/uploads\/2016\/08\/PDL32.jpg 570w\" sizes=\"auto, (max-width: 300px) 100vw, 300px\" \/><\/p>\n<p>Entidades como <strong>Ecopetrol, Aseo Urbano de la Costa, Esenttia, Cotecmar, Fundaci\u00f3n Surtigas, Malter\u00eda Tropical, Puerto Bah\u00eda<\/strong>, la seccional de la <strong>Asociaci\u00f3n Nacional de Industriales, Fundaci\u00f3n Mamonal, Servicio Nacional de Aprendizaje, Tecnar, Universidad Tecnol\u00f3gica y la Concesi\u00f3n Vial,<\/strong> participaron de la construcci\u00f3n en esta mesa donde se establecieron varios compromisos.<\/p>\n<p>&nbsp;<\/p>\n<p>\u201cEl objetivo es que trabajemos de manera mancomunada para sacar adelante nuestra localidad, teniendo en cuenta la importancia de las empresas que se encuentran localizadas en esta zona de la ciudad\u201d, se\u00f1al\u00f3 la alcaldesa de la Localidad Industrial y de la Bah\u00eda, Patricia Zapata Negrete.<\/p>\n<p>Dijo que habr\u00e1 un enlace director entre la alcald\u00eda local, empresas y academia, para de esta manera focalizar en una sola v\u00eda las ofertas laborales que se generen desde estas factor\u00edas y de paso beneficiar a los habitantes de la zona.<\/p>\n<p><img loading=\"lazy\" decoding=\"async\" class=\"alignleft size-medium wp-image-15098\" src=\"https:\/\/www.revistazetta.com\/wp-content\/uploads\/2016\/08\/PDL3-300x187.jpg\" alt=\"PDL3\" width=\"300\" height=\"187\" srcset=\"https:\/\/revistazetta.com\/wp-content\/uploads\/2016\/08\/PDL3-300x187.jpg 300w, https:\/\/revistazetta.com\/wp-content\/uploads\/2016\/08\/PDL3-234x146.jpg 234w, https:\/\/revistazetta.com\/wp-content\/uploads\/2016\/08\/PDL3-50x31.jpg 50w, https:\/\/revistazetta.com\/wp-content\/uploads\/2016\/08\/PDL3-120x75.jpg 120w, https:\/\/revistazetta.com\/wp-content\/uploads\/2016\/08\/PDL3.jpg 570w\" sizes=\"auto, (max-width: 300px) 100vw, 300px\" \/><\/p>\n<p>\u201cNuestro plan de desarrollo local est\u00e1 encaminado a generar las oportunidades que necesitan los habitantes de esta parte de la ciudad, lo que ser\u00e1 posible en la medida en que todos ayudemos en su construcci\u00f3n\u201d, anot\u00f3 Zapata Negrete.<\/p>\n","protected":false},"excerpt":{"rendered":"<p>En el proceso de construcci\u00f3n del Plan de Desarrollo\u00a0\u2018Con seguridad Primero la Gente en mi Localidad\u2019, de la Localidad Industrial y de la Bah\u00eda, la academia y el sector industrial han expresado su intenci\u00f3n de aportar para sacar adelante esta zona de Cartagena. Entidades como Ecopetrol, Aseo Urbano de la Costa, Esenttia, Cotecmar, Fundaci\u00f3n Surtigas, Malter\u00eda Tropical, Puerto Bah\u00eda, la seccional de la Asociaci\u00f3n Nacional de Industriales, Fundaci\u00f3n Mamonal, Servicio Nacional de Aprendizaje, Tecnar, Universidad Tecnol\u00f3gica y la Concesi\u00f3n Vial, participaron de la construcci\u00f3n en esta mesa donde se establecieron&#8230; <\/p>\n","protected":false},"author":3,"featured_media":15100,"comment_status":"open","ping_status":"closed","sticky":false,"template":"","format":"standard","meta":{"footnotes":"","_links_to":"","_links_to_target":""},"categories":[32,85],"tags":[],"class_list":["post-15092","post","type-post","status-publish","format-standard","has-post-thumbnail","hentry","category-actualidad-distrito","category-cartagena"],"_links":{"self":[{"href":"https:\/\/revistazetta.com\/index.php?rest_route=\/wp\/v2\/posts\/15092","targetHints":{"allow":["GET"]}}],"collection":[{"href":"https:\/\/revistazetta.com\/index.php?rest_route=\/wp\/v2\/posts"}],"about":[{"href":"https:\/\/revistazetta.com\/index.php?rest_route=\/wp\/v2\/types\/post"}],"author":[{"embeddable":true,"href":"https:\/\/revistazetta.com\/index.php?rest_route=\/wp\/v2\/users\/3"}],"replies":[{"embeddable":true,"href":"https:\/\/revistazetta.com\/index.php?rest_route=%2Fwp%2Fv2%2Fcomments&post=15092"}],"version-history":[{"count":0,"href":"https:\/\/revistazetta.com\/index.php?rest_route=\/wp\/v2\/posts\/15092\/revisions"}],"wp:featuredmedia":[{"embeddable":true,"href":"https:\/\/revistazetta.com\/index.php?rest_route=\/wp\/v2\/media\/15100"}],"wp:attachment":[{"href":"https:\/\/revistazetta.com\/index.php?rest_route=%2Fwp%2Fv2%2Fmedia&parent=15092"}],"wp:term":[{"taxonomy":"category","embeddable":true,"href":"https:\/\/revistazetta.com\/index.php?rest_route=%2Fwp%2Fv2%2Fcategories&post=15092"},{"taxonomy":"post_tag","embeddable":true,"href":"https:\/\/revistazetta.com\/index.php?rest_route=%2Fwp%2Fv2%2Ftags&post=15092"}],"curies":[{"name":"wp","href":"https:\/\/api.w.org\/{rel}","templated":true}]}}