{"id":15093,"date":"2016-08-11T20:07:59","date_gmt":"2016-08-12T01:07:59","guid":{"rendered":"http:\/\/www.revistazetta.com\/?p=15093"},"modified":"2016-08-11T20:07:59","modified_gmt":"2016-08-12T01:07:59","slug":"dadis-ong-americana-atienden-reclusas-carcel-san-diego","status":"publish","type":"post","link":"https:\/\/revistazetta.com\/?p=15093","title":{"rendered":"Dadis y ONG americana atienden reclusas de c\u00e1rcel de San Diego"},"content":{"rendered":"<p>Reclusas de la <strong>c\u00e1rcel de San Diego<\/strong>, fueron beneficiadas con una jornada de atenci\u00f3n en salud y la donaci\u00f3n de m\u00e1s de 5 mil d\u00f3lares en medicamentos que lideraron el Departamento Administrativo Distrital de Salud (<strong>Dadis<\/strong>) y la Organizaci\u00f3n No Gubernamental (ONG) de Estados Unidos <strong>\u2018Nurses For People\u2019<\/strong>. Muchos de estos medicamentos tambi\u00e9n ser\u00e1n enviados a la C\u00e1rcel de Ternera.<\/p>\n<p>\u201cEntre Dadis y la ONG \u2018Nurses for People\u2019 hemos venido atendiendo a la poblaci\u00f3n carcelaria de Cartagena. La primera vez fue en enero de este a\u00f1o, funcionarios del Dadis las hemos seguido visitando cada dos meses y ahora de la ONG vuelven desde Estados Unidos con muchas m\u00e1s ayudas y esta cantidad de medicamentos. Est\u00e1n totalmente sensibilizados con la situaci\u00f3n que viven los internos de Cartagena, con esta ya son cuatro las ocasiones en que dotamos las enfermer\u00edas de las c\u00e1rceles y llevamos atenci\u00f3n\u201d, afirm\u00f3 <strong>Adriana Meza<\/strong>, directora del Dadis.<\/p>\n<p><img loading=\"lazy\" decoding=\"async\" class=\"alignright size-medium wp-image-15096\" src=\"https:\/\/www.revistazetta.com\/wp-content\/uploads\/2016\/08\/CSD2-300x187.jpg\" alt=\"CSD2\" width=\"300\" height=\"187\" srcset=\"https:\/\/revistazetta.com\/wp-content\/uploads\/2016\/08\/CSD2-300x187.jpg 300w, https:\/\/revistazetta.com\/wp-content\/uploads\/2016\/08\/CSD2-234x146.jpg 234w, https:\/\/revistazetta.com\/wp-content\/uploads\/2016\/08\/CSD2-50x31.jpg 50w, https:\/\/revistazetta.com\/wp-content\/uploads\/2016\/08\/CSD2-120x75.jpg 120w, https:\/\/revistazetta.com\/wp-content\/uploads\/2016\/08\/CSD2.jpg 570w\" sizes=\"auto, (max-width: 300px) 100vw, 300px\" \/> <img loading=\"lazy\" decoding=\"async\" class=\"alignright size-medium wp-image-15095\" src=\"https:\/\/www.revistazetta.com\/wp-content\/uploads\/2016\/08\/CSD1-300x187.jpg\" alt=\"CSD1\" width=\"300\" height=\"187\" srcset=\"https:\/\/revistazetta.com\/wp-content\/uploads\/2016\/08\/CSD1-300x187.jpg 300w, https:\/\/revistazetta.com\/wp-content\/uploads\/2016\/08\/CSD1-234x146.jpg 234w, https:\/\/revistazetta.com\/wp-content\/uploads\/2016\/08\/CSD1-50x31.jpg 50w, https:\/\/revistazetta.com\/wp-content\/uploads\/2016\/08\/CSD1-120x75.jpg 120w, https:\/\/revistazetta.com\/wp-content\/uploads\/2016\/08\/CSD1.jpg 570w\" sizes=\"auto, (max-width: 300px) 100vw, 300px\" \/><\/p>\n<p>Se realizaron pruebas de VIH, entrega de preservativos, toma de talla y peso, asesor\u00eda sobre h\u00e1bitos de vida saludable (buena alimentaci\u00f3n, ejercicio) y lactancia materna (3 embarazadas), entrega de vitaminas, entrega de kits orales y medicamentos y tambi\u00e9n se les regal\u00f3 accesorios y cremas a las internas. Adem\u00e1s la representante legal de la <strong>Fundaci\u00f3n Amamantar Cartagena<\/strong> tambi\u00e9n apoy\u00f3 la asesor\u00eda en lactancia materna.<\/p>\n<p>En los 5.000 d\u00f3lares en medicamentos, donados por la ONG hay material quir\u00fargico, antibi\u00f3ticos, jeringas de varios tama\u00f1os, entre otros. Tambi\u00e9n donaron un\u00a0ox\u00edmetro\u00a0(aparato m\u00e9dico que mide de manera indirecta la\u00a0saturaci\u00f3n de ox\u00edgeno\u00a0de la sangre de un paciente).<\/p>\n<p><img loading=\"lazy\" decoding=\"async\" class=\"alignleft size-medium wp-image-15094\" src=\"https:\/\/www.revistazetta.com\/wp-content\/uploads\/2016\/08\/CSD-300x187.jpg\" alt=\"CSD\" width=\"300\" height=\"187\" srcset=\"https:\/\/revistazetta.com\/wp-content\/uploads\/2016\/08\/CSD-300x187.jpg 300w, https:\/\/revistazetta.com\/wp-content\/uploads\/2016\/08\/CSD-234x146.jpg 234w, https:\/\/revistazetta.com\/wp-content\/uploads\/2016\/08\/CSD-50x31.jpg 50w, https:\/\/revistazetta.com\/wp-content\/uploads\/2016\/08\/CSD-120x75.jpg 120w, https:\/\/revistazetta.com\/wp-content\/uploads\/2016\/08\/CSD.jpg 570w\" sizes=\"auto, (max-width: 300px) 100vw, 300px\" \/> <img loading=\"lazy\" decoding=\"async\" class=\"alignnone size-medium wp-image-15097\" src=\"https:\/\/www.revistazetta.com\/wp-content\/uploads\/2016\/08\/CSD3-300x187.jpg\" alt=\"CSD3\" width=\"300\" height=\"187\" srcset=\"https:\/\/revistazetta.com\/wp-content\/uploads\/2016\/08\/CSD3-300x187.jpg 300w, https:\/\/revistazetta.com\/wp-content\/uploads\/2016\/08\/CSD3-234x146.jpg 234w, https:\/\/revistazetta.com\/wp-content\/uploads\/2016\/08\/CSD3-50x31.jpg 50w, https:\/\/revistazetta.com\/wp-content\/uploads\/2016\/08\/CSD3-120x75.jpg 120w, https:\/\/revistazetta.com\/wp-content\/uploads\/2016\/08\/CSD3.jpg 570w\" sizes=\"auto, (max-width: 300px) 100vw, 300px\" \/><\/p>\n<p>Desde diciembre de 2015 la Entidad Promotora de Salud (EPS) <strong>Caprecom<\/strong> fue liquidada. Los internos, quienes eran usuarios de esta EPS, fueron reasignados a la Unidad de Servicios Penitenciarios y Carcelarios USPEC encargada de prestar servicios administrativos y operativos al Instituto Nacional Penitenciario y Carcelario (Inpec).<\/p>\n<p>Sin embargo, a la fecha estos no tienen una red hospitalaria suficiente para garantizar la prestaci\u00f3n de los servicios a esta poblaci\u00f3n<strong>.<\/strong><\/p>\n","protected":false},"excerpt":{"rendered":"<p>Reclusas de la c\u00e1rcel de San Diego, fueron beneficiadas con una jornada de atenci\u00f3n en salud y la donaci\u00f3n de m\u00e1s de 5 mil d\u00f3lares en medicamentos que lideraron el Departamento Administrativo Distrital de Salud (Dadis) y la Organizaci\u00f3n No Gubernamental (ONG) de Estados Unidos \u2018Nurses For People\u2019. Muchos de estos medicamentos tambi\u00e9n ser\u00e1n enviados a la C\u00e1rcel de Ternera. \u201cEntre Dadis y la ONG \u2018Nurses for People\u2019 hemos venido atendiendo a la poblaci\u00f3n carcelaria de Cartagena. La primera vez fue en enero de este a\u00f1o, funcionarios del Dadis las&#8230; <\/p>\n","protected":false},"author":3,"featured_media":15101,"comment_status":"open","ping_status":"closed","sticky":false,"template":"","format":"standard","meta":{"footnotes":"","_links_to":"","_links_to_target":""},"categories":[32],"tags":[],"class_list":["post-15093","post","type-post","status-publish","format-standard","has-post-thumbnail","hentry","category-actualidad-distrito"],"_links":{"self":[{"href":"https:\/\/revistazetta.com\/index.php?rest_route=\/wp\/v2\/posts\/15093","targetHints":{"allow":["GET"]}}],"collection":[{"href":"https:\/\/revistazetta.com\/index.php?rest_route=\/wp\/v2\/posts"}],"about":[{"href":"https:\/\/revistazetta.com\/index.php?rest_route=\/wp\/v2\/types\/post"}],"author":[{"embeddable":true,"href":"https:\/\/revistazetta.com\/index.php?rest_route=\/wp\/v2\/users\/3"}],"replies":[{"embeddable":true,"href":"https:\/\/revistazetta.com\/index.php?rest_route=%2Fwp%2Fv2%2Fcomments&post=15093"}],"version-history":[{"count":0,"href":"https:\/\/revistazetta.com\/index.php?rest_route=\/wp\/v2\/posts\/15093\/revisions"}],"wp:featuredmedia":[{"embeddable":true,"href":"https:\/\/revistazetta.com\/index.php?rest_route=\/wp\/v2\/media\/15101"}],"wp:attachment":[{"href":"https:\/\/revistazetta.com\/index.php?rest_route=%2Fwp%2Fv2%2Fmedia&parent=15093"}],"wp:term":[{"taxonomy":"category","embeddable":true,"href":"https:\/\/revistazetta.com\/index.php?rest_route=%2Fwp%2Fv2%2Fcategories&post=15093"},{"taxonomy":"post_tag","embeddable":true,"href":"https:\/\/revistazetta.com\/index.php?rest_route=%2Fwp%2Fv2%2Ftags&post=15093"}],"curies":[{"name":"wp","href":"https:\/\/api.w.org\/{rel}","templated":true}]}}