{"id":15105,"date":"2016-08-12T16:49:58","date_gmt":"2016-08-12T21:49:58","guid":{"rendered":"http:\/\/www.revistazetta.com\/?p=15105"},"modified":"2016-08-12T16:49:58","modified_gmt":"2016-08-12T21:49:58","slug":"ruta-festiva-cartagena-indias-2016-se-tomara-los-centros-comerciales","status":"publish","type":"post","link":"https:\/\/revistazetta.com\/?p=15105","title":{"rendered":"Ruta Festiva Cartagena de Indias 2016 se tomar\u00e1 los centros comerciales"},"content":{"rendered":"<p>Se da inicio a la Ruta Festiva Cartagena de Indias 2016 \u00a0que en el transcurso del mes de agosto, se tomar\u00e1 los centros comerciales de la ciudad. Esta se lleva a cabo a trav\u00e9s del Instituto de Patrimonio y Cultura de Cartagena, IPCC, en alianza con Fenalco Bol\u00edvar.<\/p>\n<p>Las reinas de la Independencia de Cartagena, los Grandes Lanceros, grupos de danzas y m\u00fasica folcl\u00f3rica estar\u00e1n presentes en los centros comerciales de la ciudad contagiando y promocionando la agenda festiva 2016.<\/p>\n<p>Para Bertha Luc\u00eda Arnedo Redondo, directora del IPCC, \u201cesta Ruta Festiva Cartagena de Indias 2016 surge gracias al inter\u00e9s expresado por Fenalco Bol\u00edvar en la reuni\u00f3n sostenida en meses pasados con empresarios. Es un acierto lograr llegar a la ciudadan\u00eda a trav\u00e9s de los Centros Comerciales quienes juegan un papel importante en la din\u00e1mica de la ciudad\u201d.<\/p>\n<p>\u201cPara el IPCC es muy importante iniciar esta ruta, que adem\u00e1s anticipa las Fiestas de Independencia en unos espacios tan importantes para la ciudad como los centros comerciales que son un punto de encuentro, pero sobre todo es muy importante la disposici\u00f3n que tuvieron los centros comerciales a trav\u00e9s de Fenalco de decir s\u00ed y hacer su aporte a esta revitalizaci\u00f3n de las fiestas, a este\u00a0 reconocimiento de las fiestas como nuestro patrimonio inmaterial m\u00e1s grande en Cartagena. As\u00ed que nos sentimos muy felices y lo que esperamos es poder llevar alegr\u00eda, gozo\u00a0 y poder invitar a la gente a que en noviembre se queden y a que vivamos unas fiestas de independencia maravillosas\u201d, indic\u00f3.<\/p>\n<p>M\u00f3nica Fadul, directora ejecutiva de Fenalco Bol\u00edvar, manifest\u00f3 la importancia que le debe dar el comercio al 11 de noviembre de 1811, el cual no solo signific\u00f3 la gesta independentista de Cartagena, sino que adem\u00e1s fue crucial para el recordado 20 de julio.<\/p>\n<p>\u201cLas rutas festivas son sin duda una actividad valiosa dentro del proceso de revitalizaci\u00f3n de nuestra aut\u00e9ntica fiesta y que ha de contribuir, estamos seguros, a mantener vivo su esp\u00edritu.\u00a0 Lo que Cartagena y el pa\u00eds deben evocar y rememorar con ellas, es el hito por excelencia del ansia de liberaci\u00f3n del yugo colonial y la expresi\u00f3n hist\u00f3rica de esa realidad para nuestra naci\u00f3n. Fenalco y el comercio est\u00e1n comprometidos con su puesta en valor y su preservaci\u00f3n. Por ello invitamos a todos a participar con entusiasmo de esta actividad cultural y a vestir de fiesta las vitrinas para recibir a los participantes de estas embajadas art\u00edsticas. Todos podemos apoyar este esfuerzo de conservaci\u00f3n\u201c, se\u00f1al\u00f3.<\/p>\n<p><img loading=\"lazy\" decoding=\"async\" class=\"alignleft size-medium wp-image-15107\" src=\"https:\/\/www.revistazetta.com\/wp-content\/uploads\/2016\/08\/IMG-20160812-WA0038-232x300.jpg\" alt=\"IMG-20160812-WA0038\" width=\"232\" height=\"300\" srcset=\"https:\/\/revistazetta.com\/wp-content\/uploads\/2016\/08\/IMG-20160812-WA0038-232x300.jpg 232w, https:\/\/revistazetta.com\/wp-content\/uploads\/2016\/08\/IMG-20160812-WA0038-791x1024.jpg 791w, https:\/\/revistazetta.com\/wp-content\/uploads\/2016\/08\/IMG-20160812-WA0038-113x146.jpg 113w, https:\/\/revistazetta.com\/wp-content\/uploads\/2016\/08\/IMG-20160812-WA0038-39x50.jpg 39w, https:\/\/revistazetta.com\/wp-content\/uploads\/2016\/08\/IMG-20160812-WA0038-58x75.jpg 58w, https:\/\/revistazetta.com\/wp-content\/uploads\/2016\/08\/IMG-20160812-WA0038.jpg 850w\" sizes=\"auto, (max-width: 232px) 100vw, 232px\" \/><\/p>\n","protected":false},"excerpt":{"rendered":"<p>Se da inicio a la Ruta Festiva Cartagena de Indias 2016 \u00a0que en el transcurso del mes de agosto, se tomar\u00e1 los centros comerciales de la ciudad. Esta se lleva a cabo a trav\u00e9s del Instituto de Patrimonio y Cultura de Cartagena, IPCC, en alianza con Fenalco Bol\u00edvar. Las reinas de la Independencia de Cartagena, los Grandes Lanceros, grupos de danzas y m\u00fasica folcl\u00f3rica estar\u00e1n presentes en los centros comerciales de la ciudad contagiando y promocionando la agenda festiva 2016. Para Bertha Luc\u00eda Arnedo Redondo, directora del IPCC, \u201cesta Ruta&#8230; <\/p>\n","protected":false},"author":3,"featured_media":15106,"comment_status":"open","ping_status":"closed","sticky":false,"template":"","format":"standard","meta":{"footnotes":"","_links_to":"","_links_to_target":""},"categories":[41],"tags":[],"class_list":["post-15105","post","type-post","status-publish","format-standard","has-post-thumbnail","hentry","category-cultura"],"_links":{"self":[{"href":"https:\/\/revistazetta.com\/index.php?rest_route=\/wp\/v2\/posts\/15105","targetHints":{"allow":["GET"]}}],"collection":[{"href":"https:\/\/revistazetta.com\/index.php?rest_route=\/wp\/v2\/posts"}],"about":[{"href":"https:\/\/revistazetta.com\/index.php?rest_route=\/wp\/v2\/types\/post"}],"author":[{"embeddable":true,"href":"https:\/\/revistazetta.com\/index.php?rest_route=\/wp\/v2\/users\/3"}],"replies":[{"embeddable":true,"href":"https:\/\/revistazetta.com\/index.php?rest_route=%2Fwp%2Fv2%2Fcomments&post=15105"}],"version-history":[{"count":0,"href":"https:\/\/revistazetta.com\/index.php?rest_route=\/wp\/v2\/posts\/15105\/revisions"}],"wp:featuredmedia":[{"embeddable":true,"href":"https:\/\/revistazetta.com\/index.php?rest_route=\/wp\/v2\/media\/15106"}],"wp:attachment":[{"href":"https:\/\/revistazetta.com\/index.php?rest_route=%2Fwp%2Fv2%2Fmedia&parent=15105"}],"wp:term":[{"taxonomy":"category","embeddable":true,"href":"https:\/\/revistazetta.com\/index.php?rest_route=%2Fwp%2Fv2%2Fcategories&post=15105"},{"taxonomy":"post_tag","embeddable":true,"href":"https:\/\/revistazetta.com\/index.php?rest_route=%2Fwp%2Fv2%2Ftags&post=15105"}],"curies":[{"name":"wp","href":"https:\/\/api.w.org\/{rel}","templated":true}]}}