{"id":15108,"date":"2016-08-12T17:03:40","date_gmt":"2016-08-12T22:03:40","guid":{"rendered":"http:\/\/www.revistazetta.com\/?p=15108"},"modified":"2016-08-12T17:03:40","modified_gmt":"2016-08-12T22:03:40","slug":"se-abrieron-las-puertas-hogar-dulce-paz-la-casa-del-abuelo","status":"publish","type":"post","link":"https:\/\/revistazetta.com\/?p=15108","title":{"rendered":"Se abrieron las puertas de Hogar Dulce Paz \u201cLa Casa del Abuelo\u201d"},"content":{"rendered":"<p>En el sector Turbaquito, del municipio de Arjona, la alcaldesa (e) Ana Milena Mass, inaugur\u00f3\u00a0 en compa\u00f1\u00eda de la Primera Dama del Departamento de Bol\u00edvar Liliana Majana y la Se\u00f1orita Bol\u00edvar Laura Barbosa, el primer Centro de Vida en esta poblaci\u00f3n, para atender a los adultos mayores.<\/p>\n<p><img loading=\"lazy\" decoding=\"async\" class=\"alignright size-medium wp-image-15109\" src=\"https:\/\/www.revistazetta.com\/wp-content\/uploads\/2016\/08\/CDA-300x187.jpg\" alt=\"CDA\" width=\"300\" height=\"187\" srcset=\"https:\/\/revistazetta.com\/wp-content\/uploads\/2016\/08\/CDA-300x187.jpg 300w, https:\/\/revistazetta.com\/wp-content\/uploads\/2016\/08\/CDA-234x146.jpg 234w, https:\/\/revistazetta.com\/wp-content\/uploads\/2016\/08\/CDA-50x31.jpg 50w, https:\/\/revistazetta.com\/wp-content\/uploads\/2016\/08\/CDA-120x75.jpg 120w, https:\/\/revistazetta.com\/wp-content\/uploads\/2016\/08\/CDA.jpg 570w\" sizes=\"auto, (max-width: 300px) 100vw, 300px\" \/><\/p>\n<p>La alcald\u00eda de Arjona, puso en funcionamiento este centro vida que tiene capacidad para atender a\u00a0 50 adultos mayores, quienes ya fueron debidamente identificados y caracterizados por la Administraci\u00f3n Municipal para acceder de manera gratuita a los diferentes servicios, de 8 de la ma\u00f1ana a 3 de la tarde, adem\u00e1s cuenta con un grupo de profesionales interdisciplinarios,\u00a0 que desde el martes empezar\u00e1n a brindar una atenci\u00f3n integral a esta poblaci\u00f3n, que incluye consultorios m\u00e9dicos, psicol\u00f3gicos, valoraci\u00f3n nutricional, alimentaci\u00f3n, actividades l\u00facidas y recreaci\u00f3n.<\/p>\n<p>Este nuevo centro cuenta con espacios amplios y elementos necesarios para realizar cada una de las actividades que efectuar\u00e1n los abuelitos en su estad\u00eda, como bicicletas, bandas el\u00e1sticas, consultorios m\u00e9dicos, cocina, entre otros.<\/p>\n<p>La Primera Dama de Bol\u00edvar, Liliana Majana, ratifica el compromiso del gobierno de Arjona S\u00ed Avanza con la poblaci\u00f3n de adulto mayor, \u201crealmente lo que necesitamos es \u00a0ese compromiso, para que sean abuelos y abuelas felices, atendidos por un equipo interdisciplinario, que garanticen las condiciones de vida digna para ellos\u201d manifest\u00f3 la gestora social del departamento.<\/p>\n<p>&nbsp;<\/p>\n<p>&nbsp;<\/p>\n","protected":false},"excerpt":{"rendered":"<p>En el sector Turbaquito, del municipio de Arjona, la alcaldesa (e) Ana Milena Mass, inaugur\u00f3\u00a0 en compa\u00f1\u00eda de la Primera Dama del Departamento de Bol\u00edvar Liliana Majana y la Se\u00f1orita Bol\u00edvar Laura Barbosa, el primer Centro de Vida en esta poblaci\u00f3n, para atender a los adultos mayores. La alcald\u00eda de Arjona, puso en funcionamiento este centro vida que tiene capacidad para atender a\u00a0 50 adultos mayores, quienes ya fueron debidamente identificados y caracterizados por la Administraci\u00f3n Municipal para acceder de manera gratuita a los diferentes servicios, de 8 de la&#8230; <\/p>\n","protected":false},"author":3,"featured_media":15110,"comment_status":"open","ping_status":"closed","sticky":false,"template":"","format":"standard","meta":{"footnotes":"","_links_to":"","_links_to_target":""},"categories":[83],"tags":[],"class_list":["post-15108","post","type-post","status-publish","format-standard","has-post-thumbnail","hentry","category-municipios"],"_links":{"self":[{"href":"https:\/\/revistazetta.com\/index.php?rest_route=\/wp\/v2\/posts\/15108","targetHints":{"allow":["GET"]}}],"collection":[{"href":"https:\/\/revistazetta.com\/index.php?rest_route=\/wp\/v2\/posts"}],"about":[{"href":"https:\/\/revistazetta.com\/index.php?rest_route=\/wp\/v2\/types\/post"}],"author":[{"embeddable":true,"href":"https:\/\/revistazetta.com\/index.php?rest_route=\/wp\/v2\/users\/3"}],"replies":[{"embeddable":true,"href":"https:\/\/revistazetta.com\/index.php?rest_route=%2Fwp%2Fv2%2Fcomments&post=15108"}],"version-history":[{"count":0,"href":"https:\/\/revistazetta.com\/index.php?rest_route=\/wp\/v2\/posts\/15108\/revisions"}],"wp:featuredmedia":[{"embeddable":true,"href":"https:\/\/revistazetta.com\/index.php?rest_route=\/wp\/v2\/media\/15110"}],"wp:attachment":[{"href":"https:\/\/revistazetta.com\/index.php?rest_route=%2Fwp%2Fv2%2Fmedia&parent=15108"}],"wp:term":[{"taxonomy":"category","embeddable":true,"href":"https:\/\/revistazetta.com\/index.php?rest_route=%2Fwp%2Fv2%2Fcategories&post=15108"},{"taxonomy":"post_tag","embeddable":true,"href":"https:\/\/revistazetta.com\/index.php?rest_route=%2Fwp%2Fv2%2Ftags&post=15108"}],"curies":[{"name":"wp","href":"https:\/\/api.w.org\/{rel}","templated":true}]}}