{"id":15112,"date":"2016-08-13T14:20:14","date_gmt":"2016-08-13T19:20:14","guid":{"rendered":"http:\/\/www.revistazetta.com\/?p=15112"},"modified":"2016-08-13T14:21:20","modified_gmt":"2016-08-13T19:21:20","slug":"reforzando-la-oratoria-liderazgo-infantil-los-estudiantes-cartageneros","status":"publish","type":"post","link":"https:\/\/revistazetta.com\/?p=15112","title":{"rendered":"Reforzando la oratoria y el liderazgo de los estudiantes cartageneros"},"content":{"rendered":"<p>Comenz\u00f3 en firme el curso \u2013 concurso de oratoria y liderazgo infantil, que\u00a0 realiza la Alcald\u00eda de Cartagena, a trav\u00e9s de la Escuela de Gobierno y Liderazgo.<\/p>\n<p>Los estudiantes participan, durante su ejercicio del discurso, con temas alusivos a los di\u00e1logos de paz, que se llevan a cabo en la Habana-Cuba.<\/p>\n<p>En esta segunda etapa del concurso los aprendices participan con el tema: posconflicto y construcci\u00f3n de paz, mientras que para la siguiente fase los alumnos compartir\u00e1n sobre equidad de g\u00e9nero y autonom\u00eda de la mujer.<\/p>\n<p>En la convocatoria se han dado cita 43 instituciones educativas distritales con sus respectivos representantes.<\/p>\n<p>\u201cCon esta iniciativa se busca que los estudiantes del Distrito sean replicadores del mensaje de la paz. El gobierno de Primero la Gente le est\u00e1 apostando a que Cartagena sea la capital de la paz\u201d, dijo la directora de la Escuela de Gobierno y Liderazgo, Yolanda Wong Baldiris.<img loading=\"lazy\" decoding=\"async\" class=\"alignright size-medium wp-image-15114\" src=\"https:\/\/www.revistazetta.com\/wp-content\/uploads\/2016\/08\/CCOL1-300x187.jpg\" alt=\"CCOL1\" width=\"300\" height=\"187\" srcset=\"https:\/\/revistazetta.com\/wp-content\/uploads\/2016\/08\/CCOL1-300x187.jpg 300w, https:\/\/revistazetta.com\/wp-content\/uploads\/2016\/08\/CCOL1-234x146.jpg 234w, https:\/\/revistazetta.com\/wp-content\/uploads\/2016\/08\/CCOL1-50x31.jpg 50w, https:\/\/revistazetta.com\/wp-content\/uploads\/2016\/08\/CCOL1-120x75.jpg 120w, https:\/\/revistazetta.com\/wp-content\/uploads\/2016\/08\/CCOL1.jpg 570w\" sizes=\"auto, (max-width: 300px) 100vw, 300px\" \/><\/p>\n<p>El certamen, que est\u00e1 dirigido a fortalecer la participaci\u00f3n colectiva de la poblaci\u00f3n juvenil en la construcci\u00f3n de espacios de vida y progreso en convivencia y derechos ciudadanos, se llevar\u00e1 a cabo en las tres localidades de la ciudad.<\/p>\n<p>La Instituci\u00f3n Educativa CASD Manuela Beltr\u00e1n, Casa de Justicia del barrio Chiquinquir\u00e1 y la Biblioteca Jorge Artel, servir\u00edan como escenario para que los estudiantes de las instituciones distritales, demuestren sus cualidades en el arte de la oratoria.<\/p>\n<p>En el mes de octubre se conocer\u00e1n los ganadores de esta nueva versi\u00f3n del curso \u2013 concurso de oratoria de liderazgo lnfantil, en las categor\u00edas junior y juvenil.<\/p>\n<p>El evento busca estimular las habilidades de juicio, argumentaci\u00f3n, dicci\u00f3n, expresi\u00f3n corporal, dominio del tema, manejo del auditorio, y dem\u00e1s manifestaciones propias de la oratoria.<\/p>\n","protected":false},"excerpt":{"rendered":"<p>Comenz\u00f3 en firme el curso \u2013 concurso de oratoria y liderazgo infantil, que\u00a0 realiza la Alcald\u00eda de Cartagena, a trav\u00e9s de la Escuela de Gobierno y Liderazgo. Los estudiantes participan, durante su ejercicio del discurso, con temas alusivos a los di\u00e1logos de paz, que se llevan a cabo en la Habana-Cuba. En esta segunda etapa del concurso los aprendices participan con el tema: posconflicto y construcci\u00f3n de paz, mientras que para la siguiente fase los alumnos compartir\u00e1n sobre equidad de g\u00e9nero y autonom\u00eda de la mujer. En la convocatoria se&#8230; <\/p>\n","protected":false},"author":3,"featured_media":15113,"comment_status":"open","ping_status":"closed","sticky":false,"template":"","format":"standard","meta":{"footnotes":"","_links_to":"","_links_to_target":""},"categories":[32],"tags":[],"class_list":["post-15112","post","type-post","status-publish","format-standard","has-post-thumbnail","hentry","category-actualidad-distrito"],"_links":{"self":[{"href":"https:\/\/revistazetta.com\/index.php?rest_route=\/wp\/v2\/posts\/15112","targetHints":{"allow":["GET"]}}],"collection":[{"href":"https:\/\/revistazetta.com\/index.php?rest_route=\/wp\/v2\/posts"}],"about":[{"href":"https:\/\/revistazetta.com\/index.php?rest_route=\/wp\/v2\/types\/post"}],"author":[{"embeddable":true,"href":"https:\/\/revistazetta.com\/index.php?rest_route=\/wp\/v2\/users\/3"}],"replies":[{"embeddable":true,"href":"https:\/\/revistazetta.com\/index.php?rest_route=%2Fwp%2Fv2%2Fcomments&post=15112"}],"version-history":[{"count":0,"href":"https:\/\/revistazetta.com\/index.php?rest_route=\/wp\/v2\/posts\/15112\/revisions"}],"wp:featuredmedia":[{"embeddable":true,"href":"https:\/\/revistazetta.com\/index.php?rest_route=\/wp\/v2\/media\/15113"}],"wp:attachment":[{"href":"https:\/\/revistazetta.com\/index.php?rest_route=%2Fwp%2Fv2%2Fmedia&parent=15112"}],"wp:term":[{"taxonomy":"category","embeddable":true,"href":"https:\/\/revistazetta.com\/index.php?rest_route=%2Fwp%2Fv2%2Fcategories&post=15112"},{"taxonomy":"post_tag","embeddable":true,"href":"https:\/\/revistazetta.com\/index.php?rest_route=%2Fwp%2Fv2%2Ftags&post=15112"}],"curies":[{"name":"wp","href":"https:\/\/api.w.org\/{rel}","templated":true}]}}