{"id":15146,"date":"2016-08-17T05:25:28","date_gmt":"2016-08-17T10:25:28","guid":{"rendered":"http:\/\/www.revistazetta.com\/?p=15146"},"modified":"2016-08-17T05:25:28","modified_gmt":"2016-08-17T10:25:28","slug":"pes-ofrece-capacitacion-tecnica-poblacion-vulnerable","status":"publish","type":"post","link":"https:\/\/revistazetta.com\/?p=15146","title":{"rendered":"PES ofrece capacitaci\u00f3n t\u00e9cnica a poblaci\u00f3n vulnerable"},"content":{"rendered":"<p>La Alcald\u00eda Distrital a trav\u00e9s del Plan De Emergencia Social Pedro Romero (PES-PR) inform\u00f3 a la poblaci\u00f3n de alta vulnerabilidad y v\u00edctima del conflicto armado, que est\u00e1n abiertas las inscripciones a las carreras t\u00e9cnicas en las \u00e1reas de \u00a0\u2018t\u00e9cnico en construcci\u00f3n de edificaciones\u2019 (un a\u00f1o) y \u2018operario en confecci\u00f3n industrial\u2019 (seis meses).<\/p>\n<p>Estos programas de formaci\u00f3n titulada, se desarrollan en alianza con \u00a0el Sena, la Fundaci\u00f3n Mario Santo Domingo y la Cooperaci\u00f3n Alemana, y tienen como prop\u00f3sito brindar oportunidades para la formaci\u00f3n para el trabajo a estas personas.<\/p>\n<p>La formaci\u00f3n se impartir\u00e1 en el \u2018Centro de Atenci\u00f3n Integral Pedro Romero\u2019, ubicado en Ciudad de Bicentenario. Todas estas carreras\u00a0 son gratuitas. Ambos programas de formaci\u00f3n est\u00e1n dise\u00f1ados para atender a\u00a0 grupos de 35 estudiantes de los cuales el 70% deben ser v\u00edctimas del conflicto armado y 30% poblaci\u00f3n vulnerable.<\/p>\n<p>Esta oferta de formaci\u00f3n se dio desde el mes de abril con un primer grupo de j\u00f3venes aprendices. Ya se encuentran en proceso de formaci\u00f3n 37 personas en \u2018T\u00e9cnico en Construcci\u00f3n de Edificaciones\u2019 35 en \u2018Operario en Confecci\u00f3n Industrial\u2019 y 35 en \u2018Instalaciones El\u00e9ctricas Residenciales\u2019 para un total de 107 beneficiarios.<\/p>\n<p>En la jornada de la tarde, \u00a0en estos mismos ambientes de aprendizaje se imparten cursos de formaci\u00f3n complementarias en las \u00e1reas de electricidad, construcci\u00f3n y confecci\u00f3n. Hasta la fecha se han beneficiado 247 personas.<\/p>\n<p>Para este segundo ciclo solo se encuentra abierta la convocatoria para la formaci\u00f3n titulada en los programas de \u2018T\u00e9cnico en Construcci\u00f3n de Edificaciones\u2019 y \u00a0\u2018Operario en \u00a0Confecci\u00f3n Industrial\u2019. Quienes quieran acceder a esta oferta \u00a0deben presentar a m\u00e1s tardar el 31 de agosto los siguientes documentos<strong>: fotocopia de la c\u00e9dula de ciudadan\u00eda, certificado de estudios hasta 9\u00b0<\/strong> grado aprobado para la formaci\u00f3n en T\u00e9cnico en\u00a0 Construcci\u00f3n de Edificaciones <strong>y 5 \u00b0 grado de primaria<\/strong> para Operario en Confecci\u00f3n Industrial.<\/p>\n<p>Adem\u00e1s deben presentar el <strong>RUV <\/strong>(registro \u00fanico de victimas) y <strong>certificado m\u00e9dico<\/strong> (de no presentar dificultad para estar en comunidad).<\/p>\n<p>Estos documentos deben ser entregados en las instalaciones del Plan de Emergencia Social Pedro Romero PES-PR ubicado en el edificio Ronda Real Bomba del Amparo piso 9 oficina 905 subprograma de educaci\u00f3n, o tambi\u00e9n en el departamento de oferta y demanda de la Fundaci\u00f3n Mario Santo Domingo ubicado en Ciudad Bicentenario.<\/p>\n<p>De igual manera se puede solicitar m\u00e1s informaci\u00f3n en los tel\u00e9fonos: 6930010 extensi\u00f3n 48253 \u2013 Departamento de Oferta y Demanda de la Fundaci\u00f3n Mario Santo Domingo o y el PES-PR. tel\u00e9fono 6501092 extensi\u00f3n 2228.<\/p>\n","protected":false},"excerpt":{"rendered":"<p>La Alcald\u00eda Distrital a trav\u00e9s del Plan De Emergencia Social Pedro Romero (PES-PR) inform\u00f3 a la poblaci\u00f3n de alta vulnerabilidad y v\u00edctima del conflicto armado, que est\u00e1n abiertas las inscripciones a las carreras t\u00e9cnicas en las \u00e1reas de \u00a0\u2018t\u00e9cnico en construcci\u00f3n de edificaciones\u2019 (un a\u00f1o) y \u2018operario en confecci\u00f3n industrial\u2019 (seis meses). Estos programas de formaci\u00f3n titulada, se desarrollan en alianza con \u00a0el Sena, la Fundaci\u00f3n Mario Santo Domingo y la Cooperaci\u00f3n Alemana, y tienen como prop\u00f3sito brindar oportunidades para la formaci\u00f3n para el trabajo a estas personas. La formaci\u00f3n&#8230; <\/p>\n","protected":false},"author":3,"featured_media":15147,"comment_status":"open","ping_status":"closed","sticky":false,"template":"","format":"standard","meta":{"footnotes":"","_links_to":"","_links_to_target":""},"categories":[32],"tags":[],"class_list":["post-15146","post","type-post","status-publish","format-standard","has-post-thumbnail","hentry","category-actualidad-distrito"],"_links":{"self":[{"href":"https:\/\/revistazetta.com\/index.php?rest_route=\/wp\/v2\/posts\/15146","targetHints":{"allow":["GET"]}}],"collection":[{"href":"https:\/\/revistazetta.com\/index.php?rest_route=\/wp\/v2\/posts"}],"about":[{"href":"https:\/\/revistazetta.com\/index.php?rest_route=\/wp\/v2\/types\/post"}],"author":[{"embeddable":true,"href":"https:\/\/revistazetta.com\/index.php?rest_route=\/wp\/v2\/users\/3"}],"replies":[{"embeddable":true,"href":"https:\/\/revistazetta.com\/index.php?rest_route=%2Fwp%2Fv2%2Fcomments&post=15146"}],"version-history":[{"count":0,"href":"https:\/\/revistazetta.com\/index.php?rest_route=\/wp\/v2\/posts\/15146\/revisions"}],"wp:featuredmedia":[{"embeddable":true,"href":"https:\/\/revistazetta.com\/index.php?rest_route=\/wp\/v2\/media\/15147"}],"wp:attachment":[{"href":"https:\/\/revistazetta.com\/index.php?rest_route=%2Fwp%2Fv2%2Fmedia&parent=15146"}],"wp:term":[{"taxonomy":"category","embeddable":true,"href":"https:\/\/revistazetta.com\/index.php?rest_route=%2Fwp%2Fv2%2Fcategories&post=15146"},{"taxonomy":"post_tag","embeddable":true,"href":"https:\/\/revistazetta.com\/index.php?rest_route=%2Fwp%2Fv2%2Ftags&post=15146"}],"curies":[{"name":"wp","href":"https:\/\/api.w.org\/{rel}","templated":true}]}}