{"id":15156,"date":"2016-08-17T14:04:15","date_gmt":"2016-08-17T19:04:15","guid":{"rendered":"http:\/\/www.revistazetta.com\/?p=15156"},"modified":"2016-08-17T14:04:15","modified_gmt":"2016-08-17T19:04:15","slug":"patio-portal-podria-entregado-dentro-mes","status":"publish","type":"post","link":"https:\/\/revistazetta.com\/?p=15156","title":{"rendered":"Patio Portal podr\u00eda ser entregado dentro de un mes"},"content":{"rendered":"<p>Durante un recorrido por Patio Portal del SITM, el alcalde Manolo Duque destac\u00f3 el avance del 90% de esta obra, que se prev\u00e9, puede ser entregado en un mes o mes y medio a los cartageneros.<\/p>\n<p>Asegur\u00f3 adem\u00e1s que \u201cPatio Portal tiene una infraestructura que permitir\u00e1 que la gente se sienta muy c\u00f3moda, hay espacios abiertos, una iluminaci\u00f3n perfecta en las noches, lo que le dar\u00e1 una vida totalmente diferente a ese sector de Cartagena, buscando que la gente est\u00e9 c\u00f3moda e incluida\u201d.<\/p>\n<p>Duque dijo que esta obra merece una gran inauguraci\u00f3n y que invitar\u00e1 personalmente al presidente de la Rep\u00fablica, Juan Manuel Santos Calder\u00f3n para que asista. \u201c\u00c9l ha estado muy pendiente de c\u00f3mo avanzan las obras y cuando las vea terminada, seguramente dir\u00e1 que Cartagena s\u00ed cumpli\u00f3. De eso se trata, de que en la administraci\u00f3n de Primero la Gente se puede entregar esta obra de ingenier\u00eda local\u201d expres\u00f3 el mandatario.<\/p>\n<p>Por su parte, Humberto Ripoll, gerente de Transcaribe, quien acompa\u00f1\u00f3 al alcalde durante este recorrido, manifest\u00f3 que el avance mostrado es bastante significativo que tan pronto se entregue la obra, parte del tr\u00e1fico que hoy tiene la Estaci\u00f3n Madre Bernarda pasar\u00e1 a Patio Portal.<\/p>\n<p><img loading=\"lazy\" decoding=\"async\" class=\"alignnone size-medium wp-image-15159\" src=\"https:\/\/www.revistazetta.com\/wp-content\/uploads\/2016\/08\/PP2-300x187.jpg\" alt=\"PP2\" width=\"300\" height=\"187\" srcset=\"https:\/\/revistazetta.com\/wp-content\/uploads\/2016\/08\/PP2-300x187.jpg 300w, https:\/\/revistazetta.com\/wp-content\/uploads\/2016\/08\/PP2-234x146.jpg 234w, https:\/\/revistazetta.com\/wp-content\/uploads\/2016\/08\/PP2-50x31.jpg 50w, https:\/\/revistazetta.com\/wp-content\/uploads\/2016\/08\/PP2-120x75.jpg 120w, https:\/\/revistazetta.com\/wp-content\/uploads\/2016\/08\/PP2.jpg 570w\" sizes=\"auto, (max-width: 300px) 100vw, 300px\" \/> <img loading=\"lazy\" decoding=\"async\" class=\"alignnone size-medium wp-image-15160\" src=\"https:\/\/www.revistazetta.com\/wp-content\/uploads\/2016\/08\/PP3-300x187.jpg\" alt=\"PP3\" width=\"300\" height=\"187\" srcset=\"https:\/\/revistazetta.com\/wp-content\/uploads\/2016\/08\/PP3-300x187.jpg 300w, https:\/\/revistazetta.com\/wp-content\/uploads\/2016\/08\/PP3-234x146.jpg 234w, https:\/\/revistazetta.com\/wp-content\/uploads\/2016\/08\/PP3-50x31.jpg 50w, https:\/\/revistazetta.com\/wp-content\/uploads\/2016\/08\/PP3-120x75.jpg 120w, https:\/\/revistazetta.com\/wp-content\/uploads\/2016\/08\/PP3.jpg 570w\" sizes=\"auto, (max-width: 300px) 100vw, 300px\" \/><\/p>\n<p>En cuanto al 10 por ciento que falta, se\u00f1al\u00f3 que son trabajos como detalles de terminaci\u00f3n de arquitectura, como pisos, enchape de ba\u00f1os, detalles en las plataformas, conexiones hidrosanitarias, es decir el patio tiene todas sus conexiones de alcantarillado pero falta unirlo al sistema de la ciudad, por lo que se adelantan conversaciones con la empresa Aguas de Cartagena para hacer estos trabajos, obras que deben estar listas la pr\u00f3xima semana.<\/p>\n<p>\u201cUna vez las entreguen se podr\u00e1 poner a disposici\u00f3n de los concesionarios las \u00e1reas de lavado para los veh\u00edculos, que se deben lavar todos los d\u00edas, tal como lo contemplan los contratos\u201d, expres\u00f3 Ripoll.<\/p>\n<p><img loading=\"lazy\" decoding=\"async\" class=\"alignnone size-medium wp-image-15158\" src=\"https:\/\/www.revistazetta.com\/wp-content\/uploads\/2016\/08\/PP-300x187.jpg\" alt=\"PP\" width=\"300\" height=\"187\" srcset=\"https:\/\/revistazetta.com\/wp-content\/uploads\/2016\/08\/PP-300x187.jpg 300w, https:\/\/revistazetta.com\/wp-content\/uploads\/2016\/08\/PP-234x146.jpg 234w, https:\/\/revistazetta.com\/wp-content\/uploads\/2016\/08\/PP-50x31.jpg 50w, https:\/\/revistazetta.com\/wp-content\/uploads\/2016\/08\/PP-120x75.jpg 120w, https:\/\/revistazetta.com\/wp-content\/uploads\/2016\/08\/PP.jpg 570w\" sizes=\"auto, (max-width: 300px) 100vw, 300px\" \/><\/p>\n<p><strong>Villa Ol\u00edmpica, pr\u00f3xima estaci\u00f3n a entregar<\/strong><\/p>\n<p>Ripoll tambi\u00e9n confirm\u00f3 que la pr\u00f3xima estaci\u00f3n que se entregar\u00e1 es la de Villa Ol\u00edmpica, de la que se podr\u00e1n beneficiar en\u00a0 gran medida los j\u00f3venes que est\u00e1n vinculados a las escuelas de formaci\u00f3n deportiva.<\/p>\n<p>\u201cEl Alcalde inaugurar\u00e1 la estaci\u00f3n y contactar\u00e1 a las escuelas de formaci\u00f3n para que se refuerce el deporte en la ciudad\u201d, indic\u00f3.<\/p>\n","protected":false},"excerpt":{"rendered":"<p>Durante un recorrido por Patio Portal del SITM, el alcalde Manolo Duque destac\u00f3 el avance del 90% de esta obra, que se prev\u00e9, puede ser entregado en un mes o mes y medio a los cartageneros. Asegur\u00f3 adem\u00e1s que \u201cPatio Portal tiene una infraestructura que permitir\u00e1 que la gente se sienta muy c\u00f3moda, hay espacios abiertos, una iluminaci\u00f3n perfecta en las noches, lo que le dar\u00e1 una vida totalmente diferente a ese sector de Cartagena, buscando que la gente est\u00e9 c\u00f3moda e incluida\u201d. Duque dijo que esta obra merece una&#8230; <\/p>\n","protected":false},"author":3,"featured_media":15157,"comment_status":"open","ping_status":"closed","sticky":false,"template":"","format":"standard","meta":{"footnotes":"","_links_to":"","_links_to_target":""},"categories":[75,32,87],"tags":[],"class_list":["post-15156","post","type-post","status-publish","format-standard","has-post-thumbnail","hentry","category-destacada","category-actualidad-distrito","category-movilidad"],"_links":{"self":[{"href":"https:\/\/revistazetta.com\/index.php?rest_route=\/wp\/v2\/posts\/15156","targetHints":{"allow":["GET"]}}],"collection":[{"href":"https:\/\/revistazetta.com\/index.php?rest_route=\/wp\/v2\/posts"}],"about":[{"href":"https:\/\/revistazetta.com\/index.php?rest_route=\/wp\/v2\/types\/post"}],"author":[{"embeddable":true,"href":"https:\/\/revistazetta.com\/index.php?rest_route=\/wp\/v2\/users\/3"}],"replies":[{"embeddable":true,"href":"https:\/\/revistazetta.com\/index.php?rest_route=%2Fwp%2Fv2%2Fcomments&post=15156"}],"version-history":[{"count":0,"href":"https:\/\/revistazetta.com\/index.php?rest_route=\/wp\/v2\/posts\/15156\/revisions"}],"wp:featuredmedia":[{"embeddable":true,"href":"https:\/\/revistazetta.com\/index.php?rest_route=\/wp\/v2\/media\/15157"}],"wp:attachment":[{"href":"https:\/\/revistazetta.com\/index.php?rest_route=%2Fwp%2Fv2%2Fmedia&parent=15156"}],"wp:term":[{"taxonomy":"category","embeddable":true,"href":"https:\/\/revistazetta.com\/index.php?rest_route=%2Fwp%2Fv2%2Fcategories&post=15156"},{"taxonomy":"post_tag","embeddable":true,"href":"https:\/\/revistazetta.com\/index.php?rest_route=%2Fwp%2Fv2%2Ftags&post=15156"}],"curies":[{"name":"wp","href":"https:\/\/api.w.org\/{rel}","templated":true}]}}