{"id":15170,"date":"2016-08-17T19:46:36","date_gmt":"2016-08-18T00:46:36","guid":{"rendered":"http:\/\/www.revistazetta.com\/?p=15170"},"modified":"2016-08-17T19:46:36","modified_gmt":"2016-08-18T00:46:36","slug":"reconocimiento-al-talento-cartagenero-la-cuna-la-gaita","status":"publish","type":"post","link":"https:\/\/revistazetta.com\/?p=15170","title":{"rendered":"Reconocimiento al talento cartagenero en la cuna de la gaita"},"content":{"rendered":"<p>Con el apoyo del IPCC, siete grupos de gaita de Cartagena representaron a la ciudad en el vig\u00e9simoquinto Festival Nacional Aut\u00f3ctono de Gaitas de San Jacinto que culmin\u00f3 el pasado 14 de agosto.<\/p>\n<p>Candela del Folclor segunda generaci\u00f3n, ocup\u00f3 el primer lugar en la categor\u00eda aficionado y a Asunto de Mujer, integrado en su totalidad por mujeres, obtuvo el segundo lugar en la categor\u00eda profesional, la m\u00e1xima del festival.<\/p>\n<p><img loading=\"lazy\" decoding=\"async\" class=\"alignright size-medium wp-image-15164\" src=\"https:\/\/www.revistazetta.com\/wp-content\/uploads\/2016\/08\/IPCC1-300x187.jpg\" alt=\"IPCC1\" width=\"300\" height=\"187\" srcset=\"https:\/\/revistazetta.com\/wp-content\/uploads\/2016\/08\/IPCC1-300x187.jpg 300w, https:\/\/revistazetta.com\/wp-content\/uploads\/2016\/08\/IPCC1-234x146.jpg 234w, https:\/\/revistazetta.com\/wp-content\/uploads\/2016\/08\/IPCC1-50x31.jpg 50w, https:\/\/revistazetta.com\/wp-content\/uploads\/2016\/08\/IPCC1-120x75.jpg 120w, https:\/\/revistazetta.com\/wp-content\/uploads\/2016\/08\/IPCC1.jpg 570w\" sizes=\"auto, (max-width: 300px) 100vw, 300px\" \/> <img loading=\"lazy\" decoding=\"async\" class=\"alignright size-medium wp-image-15166\" src=\"https:\/\/www.revistazetta.com\/wp-content\/uploads\/2016\/08\/IPCC5-300x187.jpg\" alt=\"IPCC5\" width=\"300\" height=\"187\" srcset=\"https:\/\/revistazetta.com\/wp-content\/uploads\/2016\/08\/IPCC5-300x187.jpg 300w, https:\/\/revistazetta.com\/wp-content\/uploads\/2016\/08\/IPCC5-234x146.jpg 234w, https:\/\/revistazetta.com\/wp-content\/uploads\/2016\/08\/IPCC5-50x31.jpg 50w, https:\/\/revistazetta.com\/wp-content\/uploads\/2016\/08\/IPCC5-120x75.jpg 120w, https:\/\/revistazetta.com\/wp-content\/uploads\/2016\/08\/IPCC5.jpg 570w\" sizes=\"auto, (max-width: 300px) 100vw, 300px\" \/><\/p>\n<p>\u201cSeguimos trabajando con los artistas locales para dignificar la labor que hacen, para poner a circular todo su talento y para poder generar una pol\u00edtica de visibilizaci\u00f3n y de construcci\u00f3n de agenda, de p\u00fablico que definitivamente contribuya al fortalecimiento de la cultura y el arte en Cartagena\u201d, manifest\u00f3 la directora del IPCC, Berta Arnedo.<\/p>\n<p>Henry Gonz\u00e1lez, presidente de la Fundaci\u00f3n Gaiteros de Cartagena, manifest\u00f3 su satisfacci\u00f3n por el reconocimiento al talento cartagenero en la cuna de la gaita. \u201cLa m\u00fasica de gaitas en Cartagena es un referente en estos tiempos. Desde hace m\u00e1s de quince a\u00f1os los grupos de gaitas de la ciudad han marcado una pauta a nivel nacional e internacional. Todos los a\u00f1os en el Festival Nacional de Gaitas \u201cFrancisco Llirene\u201d en Ovejas, Sucre, estamos en los podios. Somos potencia de este g\u00e9nero musical, somos productores e int\u00e9rpretes de gaita en el pa\u00eds\u201d, sentenci\u00f3.<\/p>\n<p><img loading=\"lazy\" decoding=\"async\" class=\"alignright size-medium wp-image-15165\" src=\"https:\/\/www.revistazetta.com\/wp-content\/uploads\/2016\/08\/IPCC3-300x187.jpg\" alt=\"IPCC3\" width=\"300\" height=\"187\" srcset=\"https:\/\/revistazetta.com\/wp-content\/uploads\/2016\/08\/IPCC3-300x187.jpg 300w, https:\/\/revistazetta.com\/wp-content\/uploads\/2016\/08\/IPCC3-234x146.jpg 234w, https:\/\/revistazetta.com\/wp-content\/uploads\/2016\/08\/IPCC3-50x31.jpg 50w, https:\/\/revistazetta.com\/wp-content\/uploads\/2016\/08\/IPCC3-120x75.jpg 120w, https:\/\/revistazetta.com\/wp-content\/uploads\/2016\/08\/IPCC3.jpg 570w\" sizes=\"auto, (max-width: 300px) 100vw, 300px\" \/><\/p>\n<p>El IPCC inform\u00f3 que seguir\u00e1 apoyando procesos que dignifiquen y permitan el desarrollo del talento de los artistas cartageneros.<\/p>\n","protected":false},"excerpt":{"rendered":"<p>Con el apoyo del IPCC, siete grupos de gaita de Cartagena representaron a la ciudad en el vig\u00e9simoquinto Festival Nacional Aut\u00f3ctono de Gaitas de San Jacinto que culmin\u00f3 el pasado 14 de agosto. Candela del Folclor segunda generaci\u00f3n, ocup\u00f3 el primer lugar en la categor\u00eda aficionado y a Asunto de Mujer, integrado en su totalidad por mujeres, obtuvo el segundo lugar en la categor\u00eda profesional, la m\u00e1xima del festival. \u201cSeguimos trabajando con los artistas locales para dignificar la labor que hacen, para poner a circular todo su talento y para&#8230; <\/p>\n","protected":false},"author":3,"featured_media":15163,"comment_status":"open","ping_status":"closed","sticky":false,"template":"","format":"standard","meta":{"footnotes":"","_links_to":"","_links_to_target":""},"categories":[75,41,43],"tags":[],"class_list":["post-15170","post","type-post","status-publish","format-standard","has-post-thumbnail","hentry","category-destacada","category-cultura","category-cultura-musica"],"_links":{"self":[{"href":"https:\/\/revistazetta.com\/index.php?rest_route=\/wp\/v2\/posts\/15170","targetHints":{"allow":["GET"]}}],"collection":[{"href":"https:\/\/revistazetta.com\/index.php?rest_route=\/wp\/v2\/posts"}],"about":[{"href":"https:\/\/revistazetta.com\/index.php?rest_route=\/wp\/v2\/types\/post"}],"author":[{"embeddable":true,"href":"https:\/\/revistazetta.com\/index.php?rest_route=\/wp\/v2\/users\/3"}],"replies":[{"embeddable":true,"href":"https:\/\/revistazetta.com\/index.php?rest_route=%2Fwp%2Fv2%2Fcomments&post=15170"}],"version-history":[{"count":0,"href":"https:\/\/revistazetta.com\/index.php?rest_route=\/wp\/v2\/posts\/15170\/revisions"}],"wp:featuredmedia":[{"embeddable":true,"href":"https:\/\/revistazetta.com\/index.php?rest_route=\/wp\/v2\/media\/15163"}],"wp:attachment":[{"href":"https:\/\/revistazetta.com\/index.php?rest_route=%2Fwp%2Fv2%2Fmedia&parent=15170"}],"wp:term":[{"taxonomy":"category","embeddable":true,"href":"https:\/\/revistazetta.com\/index.php?rest_route=%2Fwp%2Fv2%2Fcategories&post=15170"},{"taxonomy":"post_tag","embeddable":true,"href":"https:\/\/revistazetta.com\/index.php?rest_route=%2Fwp%2Fv2%2Ftags&post=15170"}],"curies":[{"name":"wp","href":"https:\/\/api.w.org\/{rel}","templated":true}]}}