{"id":15175,"date":"2016-08-18T00:22:11","date_gmt":"2016-08-18T05:22:11","guid":{"rendered":"http:\/\/www.revistazetta.com\/?p=15175"},"modified":"2016-08-18T00:22:11","modified_gmt":"2016-08-18T05:22:11","slug":"corvivienda-regresa-la-casa-mogollon-manga","status":"publish","type":"post","link":"https:\/\/revistazetta.com\/?p=15175","title":{"rendered":"Corvivienda regresa a la Casa Mogoll\u00f3n en Manga"},"content":{"rendered":"<p>Luego de un proceso de restauraci\u00f3n, la Casa Mogoll\u00f3n en Manga, de nuevo\u00a0 fue entregada por el alcalde <strong>Manolo Duque<\/strong> al <strong>Fondo de Vivienda Distrital Corvivienda<\/strong>, para que sirva como\u00a0 sede de la entidad.<\/p>\n<p>Ubicada en la Tercera Avenida de Manga de n\u00famero 21-62, la Casa Mogoll\u00f3n es una construcci\u00f3n de dise\u00f1o republicano, inaugurada en el 1927, teniendo como propietarios a los esposos Jos\u00e9 Vicente Mogoll\u00f3n y Mar\u00eda Paulina Zubir\u00eda de Mogoll\u00f3n.<\/p>\n<p>La edificaci\u00f3n consta de tres pisos incluyendo un s\u00f3tano, en cuyos espacios laboran m\u00e1s de 100 personas que hacen parte del recurso humano de Corvivienda.<\/p>\n<p>\u201cNuestra proyecci\u00f3n es que ahora con mejores espacios y m\u00e1s comodidad, Corvivienda siga entregando m\u00e1s viviendas y legalizando m\u00e1s predios con el prop\u00f3sito de favorecer a los cartageneros\u201d, enfatiz\u00f3 el\u00a0 alcalde Duque.<\/p>\n<p><img loading=\"lazy\" decoding=\"async\" class=\"alignright size-medium wp-image-15187\" src=\"https:\/\/www.revistazetta.com\/wp-content\/uploads\/2016\/08\/corvivienda6-300x187.jpg\" alt=\"corvivienda6\" width=\"300\" height=\"187\" srcset=\"https:\/\/revistazetta.com\/wp-content\/uploads\/2016\/08\/corvivienda6-300x187.jpg 300w, https:\/\/revistazetta.com\/wp-content\/uploads\/2016\/08\/corvivienda6-234x146.jpg 234w, https:\/\/revistazetta.com\/wp-content\/uploads\/2016\/08\/corvivienda6-50x31.jpg 50w, https:\/\/revistazetta.com\/wp-content\/uploads\/2016\/08\/corvivienda6-120x75.jpg 120w, https:\/\/revistazetta.com\/wp-content\/uploads\/2016\/08\/corvivienda6.jpg 570w\" sizes=\"auto, (max-width: 300px) 100vw, 300px\" \/> <img loading=\"lazy\" decoding=\"async\" class=\"alignright size-medium wp-image-15184\" src=\"https:\/\/www.revistazetta.com\/wp-content\/uploads\/2016\/08\/corvivienda2-300x187.jpg\" alt=\"corvivienda2\" width=\"300\" height=\"187\" srcset=\"https:\/\/revistazetta.com\/wp-content\/uploads\/2016\/08\/corvivienda2-300x187.jpg 300w, https:\/\/revistazetta.com\/wp-content\/uploads\/2016\/08\/corvivienda2-234x146.jpg 234w, https:\/\/revistazetta.com\/wp-content\/uploads\/2016\/08\/corvivienda2-50x31.jpg 50w, https:\/\/revistazetta.com\/wp-content\/uploads\/2016\/08\/corvivienda2-120x75.jpg 120w, https:\/\/revistazetta.com\/wp-content\/uploads\/2016\/08\/corvivienda2.jpg 570w\" sizes=\"auto, (max-width: 300px) 100vw, 300px\" \/><\/p>\n<p>La remodelaci\u00f3n de la casa Mogoll\u00f3n se dio por iniciativa del actual gerente de Corvivienda, <strong>William Garc\u00eda Tirado<\/strong>, que ante la necesidad de tener una sede propia, propuso al alcalde la entrega del bien a trav\u00e9s de un comodato. La restauraci\u00f3n de la casa fue realizada por los estudiantes de la <strong>Escuela Taller Cartagena de Indias.<\/strong><\/p>\n<p>\u201cAlcalde gracias por permitirnos ser los hu\u00e9spedes de esta casa llena de historia y buena vibra. No se puede decir menos cuando sabemos que desde esta estructura se gest\u00f3 una de las empresas de m\u00e1s pujanza en la ciudad como los Mogoll\u00f3n y compa\u00f1\u00eda Ltda., gente que no solo gener\u00f3 empleo a los cartageneros sino que nos ense\u00f1\u00f3 con su pujanza a amar a Cartagena\u201d, enfatiz\u00f3 el gerente de Corvivienda William Garc\u00eda Tirado.<\/p>\n<p><img loading=\"lazy\" decoding=\"async\" class=\"alignright size-medium wp-image-15185\" src=\"https:\/\/www.revistazetta.com\/wp-content\/uploads\/2016\/08\/corvivienda3-300x187.jpg\" alt=\"corvivienda3\" width=\"300\" height=\"187\" srcset=\"https:\/\/revistazetta.com\/wp-content\/uploads\/2016\/08\/corvivienda3-300x187.jpg 300w, https:\/\/revistazetta.com\/wp-content\/uploads\/2016\/08\/corvivienda3-234x146.jpg 234w, https:\/\/revistazetta.com\/wp-content\/uploads\/2016\/08\/corvivienda3-50x31.jpg 50w, https:\/\/revistazetta.com\/wp-content\/uploads\/2016\/08\/corvivienda3-120x75.jpg 120w, https:\/\/revistazetta.com\/wp-content\/uploads\/2016\/08\/corvivienda3.jpg 570w\" sizes=\"auto, (max-width: 300px) 100vw, 300px\" \/> <img loading=\"lazy\" decoding=\"async\" class=\"alignright size-medium wp-image-15186\" src=\"https:\/\/www.revistazetta.com\/wp-content\/uploads\/2016\/08\/corvivienda4-300x187.jpg\" alt=\"corvivienda4\" width=\"300\" height=\"187\" srcset=\"https:\/\/revistazetta.com\/wp-content\/uploads\/2016\/08\/corvivienda4-300x187.jpg 300w, https:\/\/revistazetta.com\/wp-content\/uploads\/2016\/08\/corvivienda4-234x146.jpg 234w, https:\/\/revistazetta.com\/wp-content\/uploads\/2016\/08\/corvivienda4-50x31.jpg 50w, https:\/\/revistazetta.com\/wp-content\/uploads\/2016\/08\/corvivienda4-120x75.jpg 120w, https:\/\/revistazetta.com\/wp-content\/uploads\/2016\/08\/corvivienda4.jpg 570w\" sizes=\"auto, (max-width: 300px) 100vw, 300px\" \/><\/p>\n<p>A la ceremonia de entrega fueron invitados el exministro de medio ambiente<strong>, Jos\u00e9 Vicente Mogoll\u00f3n<\/strong> <strong>V\u00e9lez<\/strong> y <strong>Mar\u00eda P\u00eda Mogoll\u00f3n Pupo<\/strong>, nietos de los propietarios iniciales de la edificaci\u00f3n.<\/p>\n<p>Con el traslado a esta sede, Corvivienda se ahorrar\u00edan de ahora en adelante la suma de 16 millones de pesos mensuales, dinero que se invertir\u00e1 en m\u00e1s subsidios de viviendas para los cartageneros<\/p>\n","protected":false},"excerpt":{"rendered":"<p>Luego de un proceso de restauraci\u00f3n, la Casa Mogoll\u00f3n en Manga, de nuevo\u00a0 fue entregada por el alcalde Manolo Duque al Fondo de Vivienda Distrital Corvivienda, para que sirva como\u00a0 sede de la entidad. Ubicada en la Tercera Avenida de Manga de n\u00famero 21-62, la Casa Mogoll\u00f3n es una construcci\u00f3n de dise\u00f1o republicano, inaugurada en el 1927, teniendo como propietarios a los esposos Jos\u00e9 Vicente Mogoll\u00f3n y Mar\u00eda Paulina Zubir\u00eda de Mogoll\u00f3n. La edificaci\u00f3n consta de tres pisos incluyendo un s\u00f3tano, en cuyos espacios laboran m\u00e1s de 100 personas que&#8230; <\/p>\n","protected":false},"author":3,"featured_media":15183,"comment_status":"open","ping_status":"closed","sticky":false,"template":"","format":"standard","meta":{"footnotes":"","_links_to":"","_links_to_target":""},"categories":[75,86,32],"tags":[],"class_list":["post-15175","post","type-post","status-publish","format-standard","has-post-thumbnail","hentry","category-destacada","category-comunidad","category-actualidad-distrito"],"_links":{"self":[{"href":"https:\/\/revistazetta.com\/index.php?rest_route=\/wp\/v2\/posts\/15175","targetHints":{"allow":["GET"]}}],"collection":[{"href":"https:\/\/revistazetta.com\/index.php?rest_route=\/wp\/v2\/posts"}],"about":[{"href":"https:\/\/revistazetta.com\/index.php?rest_route=\/wp\/v2\/types\/post"}],"author":[{"embeddable":true,"href":"https:\/\/revistazetta.com\/index.php?rest_route=\/wp\/v2\/users\/3"}],"replies":[{"embeddable":true,"href":"https:\/\/revistazetta.com\/index.php?rest_route=%2Fwp%2Fv2%2Fcomments&post=15175"}],"version-history":[{"count":0,"href":"https:\/\/revistazetta.com\/index.php?rest_route=\/wp\/v2\/posts\/15175\/revisions"}],"wp:featuredmedia":[{"embeddable":true,"href":"https:\/\/revistazetta.com\/index.php?rest_route=\/wp\/v2\/media\/15183"}],"wp:attachment":[{"href":"https:\/\/revistazetta.com\/index.php?rest_route=%2Fwp%2Fv2%2Fmedia&parent=15175"}],"wp:term":[{"taxonomy":"category","embeddable":true,"href":"https:\/\/revistazetta.com\/index.php?rest_route=%2Fwp%2Fv2%2Fcategories&post=15175"},{"taxonomy":"post_tag","embeddable":true,"href":"https:\/\/revistazetta.com\/index.php?rest_route=%2Fwp%2Fv2%2Ftags&post=15175"}],"curies":[{"name":"wp","href":"https:\/\/api.w.org\/{rel}","templated":true}]}}