{"id":15310,"date":"2016-08-24T05:33:47","date_gmt":"2016-08-24T10:33:47","guid":{"rendered":"http:\/\/www.revistazetta.com\/?p=15310"},"modified":"2016-08-24T05:33:47","modified_gmt":"2016-08-24T10:33:47","slug":"panel-patrimonio-ciudad-la-universidad-cartagena","status":"publish","type":"post","link":"https:\/\/revistazetta.com\/?p=15310","title":{"rendered":"Panel \u201cPatrimonio y Ciudad\u201d en la Universidad de Cartagena"},"content":{"rendered":"<p>El Instituto de Patrimonio y Cultura de Cartagena (IPCC), la Escuela de Gobierno y la Universidad de Cartagena invitan a toda la ciudadan\u00eda al evento \u00a0\u201cPatrimonio y Ciudad\u201d este mi\u00e9rcoles 24 de agosto a las 9:00 am en el Aula M\u00e1xima de Derecho de la Universidad de Cartagena.<\/p>\n<p>El evento busca promover la participaci\u00f3n de la ciudadan\u00eda en el patrimonio, un tema de ciudad. Contar\u00e1 como invitados especiales como <strong>Irina Junieles<\/strong>, defensora del Pueblo y <strong>Alfonso Cabrera<\/strong>, jefe de Patrimonio de IPCC<\/p>\n<p>\u201cSi tenemos una ciudad patrimonio hist\u00f3rico, implica no solo la responsabilidad de las instituciones, sino que tambi\u00e9n los cartageneros deben apropiarse de este patrimonio y que sean los ojos de la administraci\u00f3n, en el sentido de que se promuevan acciones positivas para la protecci\u00f3n de la ciudad y evitar las infracciones al derecho urbano\u201d, asegur\u00f3 la profesora <strong>Rafaela Sayas<\/strong>, directora del\u00a0 grupo de investigaci\u00f3n Conflicto y Sociedad.<\/p>\n<p>El ciclo II ser\u00e1 sobre \u201cPatrimonio material e identidad \u2013 Fiestas de Independencia\u201d el pr\u00f3ximo 14 de septiembre y el tercer ciclo tratar\u00e1 sobre \u201cPatrimonio y Cultura Ciudadana\u201d el 12 de octubre.<\/p>\n","protected":false},"excerpt":{"rendered":"<p>El Instituto de Patrimonio y Cultura de Cartagena (IPCC), la Escuela de Gobierno y la Universidad de Cartagena invitan a toda la ciudadan\u00eda al evento \u00a0\u201cPatrimonio y Ciudad\u201d este mi\u00e9rcoles 24 de agosto a las 9:00 am en el Aula M\u00e1xima de Derecho de la Universidad de Cartagena. El evento busca promover la participaci\u00f3n de la ciudadan\u00eda en el patrimonio, un tema de ciudad. Contar\u00e1 como invitados especiales como Irina Junieles, defensora del Pueblo y Alfonso Cabrera, jefe de Patrimonio de IPCC \u201cSi tenemos una ciudad patrimonio hist\u00f3rico, implica no&#8230; <\/p>\n","protected":false},"author":3,"featured_media":15311,"comment_status":"open","ping_status":"closed","sticky":false,"template":"","format":"standard","meta":{"footnotes":"","_links_to":"","_links_to_target":""},"categories":[61,41],"tags":[],"class_list":["post-15310","post","type-post","status-publish","format-standard","has-post-thumbnail","hentry","category-agenda-cultura","category-cultura"],"_links":{"self":[{"href":"https:\/\/revistazetta.com\/index.php?rest_route=\/wp\/v2\/posts\/15310","targetHints":{"allow":["GET"]}}],"collection":[{"href":"https:\/\/revistazetta.com\/index.php?rest_route=\/wp\/v2\/posts"}],"about":[{"href":"https:\/\/revistazetta.com\/index.php?rest_route=\/wp\/v2\/types\/post"}],"author":[{"embeddable":true,"href":"https:\/\/revistazetta.com\/index.php?rest_route=\/wp\/v2\/users\/3"}],"replies":[{"embeddable":true,"href":"https:\/\/revistazetta.com\/index.php?rest_route=%2Fwp%2Fv2%2Fcomments&post=15310"}],"version-history":[{"count":0,"href":"https:\/\/revistazetta.com\/index.php?rest_route=\/wp\/v2\/posts\/15310\/revisions"}],"wp:featuredmedia":[{"embeddable":true,"href":"https:\/\/revistazetta.com\/index.php?rest_route=\/wp\/v2\/media\/15311"}],"wp:attachment":[{"href":"https:\/\/revistazetta.com\/index.php?rest_route=%2Fwp%2Fv2%2Fmedia&parent=15310"}],"wp:term":[{"taxonomy":"category","embeddable":true,"href":"https:\/\/revistazetta.com\/index.php?rest_route=%2Fwp%2Fv2%2Fcategories&post=15310"},{"taxonomy":"post_tag","embeddable":true,"href":"https:\/\/revistazetta.com\/index.php?rest_route=%2Fwp%2Fv2%2Ftags&post=15310"}],"curies":[{"name":"wp","href":"https:\/\/api.w.org\/{rel}","templated":true}]}}