{"id":15312,"date":"2016-08-24T05:39:12","date_gmt":"2016-08-24T10:39:12","guid":{"rendered":"http:\/\/www.revistazetta.com\/?p=15312"},"modified":"2016-08-24T05:39:12","modified_gmt":"2016-08-24T10:39:12","slug":"jovenes-del-barrio-boston-motivados-reconstruir-proyectos-vida","status":"publish","type":"post","link":"https:\/\/revistazetta.com\/?p=15312","title":{"rendered":"J\u00f3venes del barrio Boston motivados a reconstruir sus proyectos de vida"},"content":{"rendered":"<p>La Alcald\u00eda de la Localidad Dos, con el apoyo de la Secretar\u00eda del Interior, adelanta \u00a0talleres de emprendimiento de los que participaron esta vez los j\u00f3venes del barrio Boston. Lo que se busca con estos espacios es contribuir a la reconstrucci\u00f3n de sus proyectos de vida, capacit\u00e1ndolos como j\u00f3venes que construyen ciudad,\u00a0 paz y se comprometen con su barrio y entorno.<\/p>\n<p>En esta ocasi\u00f3n el taller se realizo en una finca par que los participantes pudieran apreciar la tranquilidad y distanciarse del entorno del ruido y la violencia que los rodea. Por su parte, los participantes agradecieron al alcalde de Cartagena, Manolo Duque y al alcalde de la localidad de la Virgen y Tur\u00edstica, Gregorio Rico, por esta oportunidad.<\/p>\n<p>\u201cUno a veces quiere salir del hueco donde est\u00e1, de lo malo, de lo feo, pero no sabe c\u00f3mo. Hoy tenemos el apoyo de la Alcald\u00eda, no nos han dado la espalda, sino que est\u00e1n firmes en la batalla con nosotros y eso nos alegra y nos motiva a dejar la vida mala\u201d, manifest\u00f3 otro de los j\u00f3venes presentes en el taller.<\/p>\n","protected":false},"excerpt":{"rendered":"<p>La Alcald\u00eda de la Localidad Dos, con el apoyo de la Secretar\u00eda del Interior, adelanta \u00a0talleres de emprendimiento de los que participaron esta vez los j\u00f3venes del barrio Boston. Lo que se busca con estos espacios es contribuir a la reconstrucci\u00f3n de sus proyectos de vida, capacit\u00e1ndolos como j\u00f3venes que construyen ciudad,\u00a0 paz y se comprometen con su barrio y entorno. En esta ocasi\u00f3n el taller se realizo en una finca par que los participantes pudieran apreciar la tranquilidad y distanciarse del entorno del ruido y la violencia que los&#8230; <\/p>\n","protected":false},"author":3,"featured_media":15320,"comment_status":"open","ping_status":"closed","sticky":false,"template":"","format":"standard","meta":{"footnotes":"","_links_to":"","_links_to_target":""},"categories":[32],"tags":[],"class_list":["post-15312","post","type-post","status-publish","format-standard","has-post-thumbnail","hentry","category-actualidad-distrito"],"_links":{"self":[{"href":"https:\/\/revistazetta.com\/index.php?rest_route=\/wp\/v2\/posts\/15312","targetHints":{"allow":["GET"]}}],"collection":[{"href":"https:\/\/revistazetta.com\/index.php?rest_route=\/wp\/v2\/posts"}],"about":[{"href":"https:\/\/revistazetta.com\/index.php?rest_route=\/wp\/v2\/types\/post"}],"author":[{"embeddable":true,"href":"https:\/\/revistazetta.com\/index.php?rest_route=\/wp\/v2\/users\/3"}],"replies":[{"embeddable":true,"href":"https:\/\/revistazetta.com\/index.php?rest_route=%2Fwp%2Fv2%2Fcomments&post=15312"}],"version-history":[{"count":0,"href":"https:\/\/revistazetta.com\/index.php?rest_route=\/wp\/v2\/posts\/15312\/revisions"}],"wp:featuredmedia":[{"embeddable":true,"href":"https:\/\/revistazetta.com\/index.php?rest_route=\/wp\/v2\/media\/15320"}],"wp:attachment":[{"href":"https:\/\/revistazetta.com\/index.php?rest_route=%2Fwp%2Fv2%2Fmedia&parent=15312"}],"wp:term":[{"taxonomy":"category","embeddable":true,"href":"https:\/\/revistazetta.com\/index.php?rest_route=%2Fwp%2Fv2%2Fcategories&post=15312"},{"taxonomy":"post_tag","embeddable":true,"href":"https:\/\/revistazetta.com\/index.php?rest_route=%2Fwp%2Fv2%2Ftags&post=15312"}],"curies":[{"name":"wp","href":"https:\/\/api.w.org\/{rel}","templated":true}]}}