{"id":15323,"date":"2016-08-24T05:46:08","date_gmt":"2016-08-24T10:46:08","guid":{"rendered":"http:\/\/www.revistazetta.com\/?p=15323"},"modified":"2016-08-24T05:46:08","modified_gmt":"2016-08-24T10:46:08","slug":"homenaje-sera-reinstalada-estatua-del-joe-arroyo","status":"publish","type":"post","link":"https:\/\/revistazetta.com\/?p=15323","title":{"rendered":"Con homenaje ser\u00e1 reinstalada estatua del Joe Arroyo"},"content":{"rendered":"<p>La reinstalaci\u00f3n de la estatua del Joe Arroyo localizada en la plazoleta que lleva su nombre, trae consigo un homenaje preparado al \u201cCenturi\u00f3n de la Noche\u201d por parte del Instituto de Patrimonio y Cultura (IPCC). Este se realizara el jueves 25 de agosto a partir de las 5:00 pm.<\/p>\n<p>\u201cLa Alcald\u00eda de Cartagena desea resaltar el aporte que hizo este cartagenero a la m\u00fasica del gran Caribe. Es un homenaje que estaba en mora de hac\u00e9rsele y por eso hemos querido propiciar, junto a muchos de los m\u00fasicos que lo acompa\u00f1aron y\u00a0 de la familia cartagenera, la reinstalaci\u00f3n de la estatua y sobre todo aportar a la memoria colectiva el valor de la m\u00fasica, composici\u00f3n, aporte al baile, recreaci\u00f3n que hizo a nuestra gesta libertaria este gran cantante\u201d, asegur\u00f3 la directora del IPCC, Berta Arnedo.<\/p>\n<p>El homenaje inicia con el conversatorio \u201cJoe, hoy y siempre\u201d con Alfonso Arce, Blas \u00abMichi\u00bb Sarmiento junto a V\u00edctor \u00abWachi\u00bb Mel\u00e9ndez.\u00a0 Luego, se proceder\u00e1 a la develaci\u00f3n de la estatua. La Alcald\u00eda de Cartagena le entregar\u00e1 un reconocimiento a la hija del Joe Arroyo, Eikol Arroyo.<\/p>\n<p>La agenda contin\u00faa con el homenaje musical interpretado por el consejo de \u00e1rea de m\u00fasica de Cartagena, que contar\u00e1 con la presencia de V\u00edctor \u201cWachy\u201d Mel\u00e9ndez, corista de Joe Arroyo por 32 a\u00f1os, Jhonny Arzuza, corista de Joe Arroyo por 25 a\u00f1os, Ricardo Turco Villarreal, 8 a\u00f1os con Joe, Antonio Molina pianista por 12 a\u00f1os con la orquesta La Verdad, Rafael Oyaga primer trompetista en la orquesta La Verdad por 7 a\u00f1os y varios de los m\u00fasicos de esa legenmdaria agrupaci\u00f3n.<\/p>\n<p>Sumado a esto, se presentar\u00e1n otros artistas como Danny Daniel, quienes mostrar\u00e1n fusiones\u00a0 de ritmos con la orquesta.<\/p>\n","protected":false},"excerpt":{"rendered":"<p>La reinstalaci\u00f3n de la estatua del Joe Arroyo localizada en la plazoleta que lleva su nombre, trae consigo un homenaje preparado al \u201cCenturi\u00f3n de la Noche\u201d por parte del Instituto de Patrimonio y Cultura (IPCC). Este se realizara el jueves 25 de agosto a partir de las 5:00 pm. \u201cLa Alcald\u00eda de Cartagena desea resaltar el aporte que hizo este cartagenero a la m\u00fasica del gran Caribe. Es un homenaje que estaba en mora de hac\u00e9rsele y por eso hemos querido propiciar, junto a muchos de los m\u00fasicos que lo&#8230; <\/p>\n","protected":false},"author":3,"featured_media":15316,"comment_status":"open","ping_status":"closed","sticky":false,"template":"","format":"standard","meta":{"footnotes":"","_links_to":"","_links_to_target":""},"categories":[41,2],"tags":[],"class_list":["post-15323","post","type-post","status-publish","format-standard","has-post-thumbnail","hentry","category-cultura","category-actualidad"],"_links":{"self":[{"href":"https:\/\/revistazetta.com\/index.php?rest_route=\/wp\/v2\/posts\/15323","targetHints":{"allow":["GET"]}}],"collection":[{"href":"https:\/\/revistazetta.com\/index.php?rest_route=\/wp\/v2\/posts"}],"about":[{"href":"https:\/\/revistazetta.com\/index.php?rest_route=\/wp\/v2\/types\/post"}],"author":[{"embeddable":true,"href":"https:\/\/revistazetta.com\/index.php?rest_route=\/wp\/v2\/users\/3"}],"replies":[{"embeddable":true,"href":"https:\/\/revistazetta.com\/index.php?rest_route=%2Fwp%2Fv2%2Fcomments&post=15323"}],"version-history":[{"count":0,"href":"https:\/\/revistazetta.com\/index.php?rest_route=\/wp\/v2\/posts\/15323\/revisions"}],"wp:featuredmedia":[{"embeddable":true,"href":"https:\/\/revistazetta.com\/index.php?rest_route=\/wp\/v2\/media\/15316"}],"wp:attachment":[{"href":"https:\/\/revistazetta.com\/index.php?rest_route=%2Fwp%2Fv2%2Fmedia&parent=15323"}],"wp:term":[{"taxonomy":"category","embeddable":true,"href":"https:\/\/revistazetta.com\/index.php?rest_route=%2Fwp%2Fv2%2Fcategories&post=15323"},{"taxonomy":"post_tag","embeddable":true,"href":"https:\/\/revistazetta.com\/index.php?rest_route=%2Fwp%2Fv2%2Ftags&post=15323"}],"curies":[{"name":"wp","href":"https:\/\/api.w.org\/{rel}","templated":true}]}}