{"id":15324,"date":"2016-08-24T05:51:48","date_gmt":"2016-08-24T10:51:48","guid":{"rendered":"http:\/\/www.revistazetta.com\/?p=15324"},"modified":"2016-08-24T05:51:48","modified_gmt":"2016-08-24T10:51:48","slug":"gobernacion-bolivar-presenta-informe-politica-social","status":"publish","type":"post","link":"https:\/\/revistazetta.com\/?p=15324","title":{"rendered":"Gobernaci\u00f3n de Bol\u00edvar presenta informe de Pol\u00edtica Social"},"content":{"rendered":"<p>En Magangu\u00e9 el gobernador de Bol\u00edvar,\u00a0 Dumek Turbay,\u00a0 presidi\u00f3 el segundo Consejo Departamental de Pol\u00edtica Social,\u00a0 que tiene como principal objetivo hacer una revisi\u00f3n y seguimiento de los programas enfocados a las poblaciones vulnerables del departamento,\u00a0 con el fin de establecer pol\u00edticas p\u00fablicas que vayan en beneficio de las poblaciones que hist\u00f3ricamente han sido vulneradas en sus derechos fundamentales, bien sea por la sociedad o por abandono del Estado.<\/p>\n<p>El acto se llev\u00f3 a cabo en \u00a0hacerlo que en compa\u00f1\u00eda de ICBF, Procuradur\u00eda, Sena, Fiscal\u00eda, Polic\u00eda Nacional y la Asamblea departamental para trabajar de forma mancomunada hacia las metas propuestas en el plan de desarrollo.<\/p>\n<p>Durante la presentaci\u00f3n del consejo de pol\u00edtica social se mostraron los avances del gobierno departamental en estos 8 meses en temas prioritarios para las pol\u00edticas sociales en el departamento como son la infancia, adolescencia, familia, mujeres, adultos mayores y personas con discapacidad. Durante este tiempo el gobierno departamental ha invertido $ 256.453.350 millones de pesos.<\/p>\n<p>\u201cSe debe seguir trabajando de forma articulada e interinstitucional desde la perspectivas de derecho y con enfoques de gesti\u00f3n basados en resultados, esto nos permite articular y promover un conjunto de acciones intencionadas y efectivas en caminadas que cada una de las personas afectadas puedan en su entorno tener garantizado la promoci\u00f3n y potenciaci\u00f3n\u00a0 desarrollo integral. Este apoyo integral se debe suministrar a todas las personas de acuerdo a su edad, su contexto y condici\u00f3n\u00bb. Afirmo Lenny Cuello, directora del Bienestar Familiar de Bol\u00edvar.<\/p>\n<p><img loading=\"lazy\" decoding=\"async\" class=\"alignright size-medium wp-image-15315\" src=\"https:\/\/www.revistazetta.com\/wp-content\/uploads\/2016\/08\/IPSM1-300x187.jpg\" alt=\"IPSM1\" width=\"300\" height=\"187\" srcset=\"https:\/\/revistazetta.com\/wp-content\/uploads\/2016\/08\/IPSM1-300x187.jpg 300w, https:\/\/revistazetta.com\/wp-content\/uploads\/2016\/08\/IPSM1-234x146.jpg 234w, https:\/\/revistazetta.com\/wp-content\/uploads\/2016\/08\/IPSM1-50x31.jpg 50w, https:\/\/revistazetta.com\/wp-content\/uploads\/2016\/08\/IPSM1-120x75.jpg 120w, https:\/\/revistazetta.com\/wp-content\/uploads\/2016\/08\/IPSM1.jpg 570w\" sizes=\"auto, (max-width: 300px) 100vw, 300px\" \/><\/p>\n<p><strong>Proyectos encaminados a las pol\u00edticas sociales del departamento<\/strong><\/p>\n<ul>\n<li>Proyectos desde la direcci\u00f3n de desarrollo social, como \u201cBol\u00edvar una gran ludoteca\u201d, que brinda espacios de diversi\u00f3n integral para la ni\u00f1ez, as\u00ed\u00a0 como\u00a0 implementaci\u00f3n de proyectos educativos integrales en temas de explotaci\u00f3n sexual y los derechos sexuales y reproductivos.<\/li>\n<li>La construcci\u00f3n\u00a0 de entornos\u00a0 protectores en convenio de la Secretar\u00eda de Educaci\u00f3n departamental, OEI e ICBF donde se han capacitado a 4000 ni\u00f1os y ni\u00f1as. Proyecto de fortalecimiento\u00a0 productivos para mujeres del departamento, donde se est\u00e1n capacitando 200 mujeres en 20 municipios.<\/li>\n<li>De forma articulada la Secretaria de interior est\u00e1 liderando la creaci\u00f3n del Centro log\u00edstico\u00a0 humanitario que se construir\u00e1 en Magangu\u00e9 que permitir\u00e1 la atenci\u00f3n integral a ni\u00f1os, mujeres, adultos mayores y discapacitados que beneficiar\u00e1 a 24 municipios del sur de Bol\u00edvar.\u00a0 El Proyecto \u201cBol\u00edvar libre de pobreza\u201d a trav\u00e9s de la Secretaria de Educaci\u00f3n se est\u00e1 llevando a cabo en los 45 municipios del departamento.<\/li>\n<li>Desde la direcci\u00f3n de Juventudes se est\u00e1 trabajando pol\u00edticas p\u00fablicas para los j\u00f3venes y la implementaci\u00f3n de la tarjeta joven que beneficiara a todos j\u00f3venes usuarios de Transcaribe.<\/li>\n<li>Por su parte, Iderbol est\u00e1 liderando el proyecto de dos Centros de alto rendimiento en Mompox y Santa Rosa del Sur, que brindar\u00e1n apoyo a los nuevos talentos del departamento. La Gobernaci\u00f3n de Bol\u00edvar y Sena, emprenden el proyecto Sena rural con el cual se\u00a0 est\u00e1 formando a 266 grupos de comunidades rurales, que conforman unidades productivas con capital semilla y les permita sostenibilidad para su desarrollo permitiendo impactar 8000 mil personas del campo rural.<\/li>\n<li>Icultur lidera proyectos para \u00a0el desarrollo cultural\u00a0 como son el Festibandas y el Festijaz.\u00a0 Estos entre muchos.<\/li>\n<\/ul>\n<p>Al finalizar el Consejo de Pol\u00edtica, \u00a0Pedro Al\u00ed, alcalde de Magangu\u00e9, expres\u00f3 \u201ces un privilegio ser protagonista de esta ruta para llevar acabo de las pol\u00edticas p\u00fablicas, nuestro compromiso es articular nuestros alineamientos en conjunto con la Gobernaci\u00f3n y las entidades p\u00fablicas para poder trazar estrategias claras que nos permitan avanzar en las pol\u00edticas sociales del departamento\u00bb.<\/p>\n","protected":false},"excerpt":{"rendered":"<p>En Magangu\u00e9 el gobernador de Bol\u00edvar,\u00a0 Dumek Turbay,\u00a0 presidi\u00f3 el segundo Consejo Departamental de Pol\u00edtica Social,\u00a0 que tiene como principal objetivo hacer una revisi\u00f3n y seguimiento de los programas enfocados a las poblaciones vulnerables del departamento,\u00a0 con el fin de establecer pol\u00edticas p\u00fablicas que vayan en beneficio de las poblaciones que hist\u00f3ricamente han sido vulneradas en sus derechos fundamentales, bien sea por la sociedad o por abandono del Estado. El acto se llev\u00f3 a cabo en \u00a0hacerlo que en compa\u00f1\u00eda de ICBF, Procuradur\u00eda, Sena, Fiscal\u00eda, Polic\u00eda Nacional y la Asamblea&#8230; <\/p>\n","protected":false},"author":3,"featured_media":15319,"comment_status":"open","ping_status":"closed","sticky":false,"template":"","format":"standard","meta":{"footnotes":"","_links_to":"","_links_to_target":""},"categories":[75,33],"tags":[],"class_list":["post-15324","post","type-post","status-publish","format-standard","has-post-thumbnail","hentry","category-destacada","category-actualidad-bolivar"],"_links":{"self":[{"href":"https:\/\/revistazetta.com\/index.php?rest_route=\/wp\/v2\/posts\/15324","targetHints":{"allow":["GET"]}}],"collection":[{"href":"https:\/\/revistazetta.com\/index.php?rest_route=\/wp\/v2\/posts"}],"about":[{"href":"https:\/\/revistazetta.com\/index.php?rest_route=\/wp\/v2\/types\/post"}],"author":[{"embeddable":true,"href":"https:\/\/revistazetta.com\/index.php?rest_route=\/wp\/v2\/users\/3"}],"replies":[{"embeddable":true,"href":"https:\/\/revistazetta.com\/index.php?rest_route=%2Fwp%2Fv2%2Fcomments&post=15324"}],"version-history":[{"count":0,"href":"https:\/\/revistazetta.com\/index.php?rest_route=\/wp\/v2\/posts\/15324\/revisions"}],"wp:featuredmedia":[{"embeddable":true,"href":"https:\/\/revistazetta.com\/index.php?rest_route=\/wp\/v2\/media\/15319"}],"wp:attachment":[{"href":"https:\/\/revistazetta.com\/index.php?rest_route=%2Fwp%2Fv2%2Fmedia&parent=15324"}],"wp:term":[{"taxonomy":"category","embeddable":true,"href":"https:\/\/revistazetta.com\/index.php?rest_route=%2Fwp%2Fv2%2Fcategories&post=15324"},{"taxonomy":"post_tag","embeddable":true,"href":"https:\/\/revistazetta.com\/index.php?rest_route=%2Fwp%2Fv2%2Ftags&post=15324"}],"curies":[{"name":"wp","href":"https:\/\/api.w.org\/{rel}","templated":true}]}}