{"id":15326,"date":"2016-08-24T06:05:28","date_gmt":"2016-08-24T11:05:28","guid":{"rendered":"http:\/\/www.revistazetta.com\/?p=15326"},"modified":"2016-08-24T06:47:55","modified_gmt":"2016-08-24T11:47:55","slug":"dos-nuevos-centros-vida-los-adultos-bolivar","status":"publish","type":"post","link":"https:\/\/revistazetta.com\/?p=15326","title":{"rendered":"Dos nuevos Centros de Vida para los adultos mayores de Bol\u00edvar"},"content":{"rendered":"<p>La gestora social de Bol\u00edvar, <strong>Liliana Majana<\/strong>, inaugur\u00f3 el Centro de vida &#8216;Casa de los abuelos m\u00edos&#8217; en el municipio de San Estanislao, donde fue recibida por la alcaldesa <strong>Janeth Vega<\/strong> y un grupo de adultos mayores. Se tiene previsto que hoy 24 de agosto, sea inaugurado el centro de vida \u201cRenacer\u201d del municipio de Mar\u00eda La Baja.<\/p>\n<p>\u00abAgradecimientos a la alcaldesa, Janeth Vega y a todos los que hicieron de este Centro de vida en San Estanislao, una realidad. El mes del adulto mayor es siempre, todos los d\u00edas celebramos sus vidas y damos gracias por su experiencia y dedicaci\u00f3n. Desde la gobernaci\u00f3n de Bol\u00edvar velaremos porque reciban los mejores servicios, tenemos un firme compromiso de supervisar que se les d\u00e9 lo mejor\u00bb: Liliana Majana, gestora social de Bol\u00edvar.<img loading=\"lazy\" decoding=\"async\" class=\"alignright size-medium wp-image-15314\" src=\"https:\/\/www.revistazetta.com\/wp-content\/uploads\/2016\/08\/CVB2-300x187.jpg\" alt=\"CVB2\" width=\"300\" height=\"187\" srcset=\"https:\/\/revistazetta.com\/wp-content\/uploads\/2016\/08\/CVB2-300x187.jpg 300w, https:\/\/revistazetta.com\/wp-content\/uploads\/2016\/08\/CVB2-234x146.jpg 234w, https:\/\/revistazetta.com\/wp-content\/uploads\/2016\/08\/CVB2-50x31.jpg 50w, https:\/\/revistazetta.com\/wp-content\/uploads\/2016\/08\/CVB2-120x75.jpg 120w, https:\/\/revistazetta.com\/wp-content\/uploads\/2016\/08\/CVB2.jpg 570w\" sizes=\"auto, (max-width: 300px) 100vw, 300px\" \/> <img loading=\"lazy\" decoding=\"async\" class=\"alignright size-medium wp-image-15313\" src=\"https:\/\/www.revistazetta.com\/wp-content\/uploads\/2016\/08\/CVB-300x187.jpg\" alt=\"CVB\" width=\"300\" height=\"187\" srcset=\"https:\/\/revistazetta.com\/wp-content\/uploads\/2016\/08\/CVB-300x187.jpg 300w, https:\/\/revistazetta.com\/wp-content\/uploads\/2016\/08\/CVB-234x146.jpg 234w, https:\/\/revistazetta.com\/wp-content\/uploads\/2016\/08\/CVB-50x31.jpg 50w, https:\/\/revistazetta.com\/wp-content\/uploads\/2016\/08\/CVB-120x75.jpg 120w, https:\/\/revistazetta.com\/wp-content\/uploads\/2016\/08\/CVB.jpg 570w\" sizes=\"auto, (max-width: 300px) 100vw, 300px\" \/><\/p>\n<p>Por su parte, Janeth Vega, alcaldesa del municipio se mostr\u00f3 agradecida con la gobernaci\u00f3n de Bol\u00edvar y con la gestora social, Liliana Majana, por el constante apoyo recibido y por \u201cla oportunidad de desarrollar este programa de la mejor manera, que no sea solo hoy sino todos los d\u00edas, brindarle a nuestros abuelos una atenci\u00f3n exclusiva\u201d manifest\u00f3 Vega.<\/p>\n<p>Inicialmente ser\u00e1n 50 beneficiados que contar\u00e1n con equipo m\u00e9dico, enfermeras, nutricionistas, psic\u00f3logos, trabajadoras sociales y todo el personal que se requiera para brindar atenci\u00f3n integral a los adultos mayores. La proyecci\u00f3n es aumentar el n\u00famero de beneficiados y atender a todos los abuelos y abuelas que lo necesiten.<\/p>\n","protected":false},"excerpt":{"rendered":"<p>La gestora social de Bol\u00edvar, Liliana Majana, inaugur\u00f3 el Centro de vida &#8216;Casa de los abuelos m\u00edos&#8217; en el municipio de San Estanislao, donde fue recibida por la alcaldesa Janeth Vega y un grupo de adultos mayores. Se tiene previsto que hoy 24 de agosto, sea inaugurado el centro de vida \u201cRenacer\u201d del municipio de Mar\u00eda La Baja. \u00abAgradecimientos a la alcaldesa, Janeth Vega y a todos los que hicieron de este Centro de vida en San Estanislao, una realidad. El mes del adulto mayor es siempre, todos los d\u00edas&#8230; <\/p>\n","protected":false},"author":3,"featured_media":15327,"comment_status":"open","ping_status":"closed","sticky":false,"template":"","format":"standard","meta":{"footnotes":"","_links_to":"","_links_to_target":""},"categories":[75,33],"tags":[],"class_list":["post-15326","post","type-post","status-publish","format-standard","has-post-thumbnail","hentry","category-destacada","category-actualidad-bolivar"],"_links":{"self":[{"href":"https:\/\/revistazetta.com\/index.php?rest_route=\/wp\/v2\/posts\/15326","targetHints":{"allow":["GET"]}}],"collection":[{"href":"https:\/\/revistazetta.com\/index.php?rest_route=\/wp\/v2\/posts"}],"about":[{"href":"https:\/\/revistazetta.com\/index.php?rest_route=\/wp\/v2\/types\/post"}],"author":[{"embeddable":true,"href":"https:\/\/revistazetta.com\/index.php?rest_route=\/wp\/v2\/users\/3"}],"replies":[{"embeddable":true,"href":"https:\/\/revistazetta.com\/index.php?rest_route=%2Fwp%2Fv2%2Fcomments&post=15326"}],"version-history":[{"count":0,"href":"https:\/\/revistazetta.com\/index.php?rest_route=\/wp\/v2\/posts\/15326\/revisions"}],"wp:featuredmedia":[{"embeddable":true,"href":"https:\/\/revistazetta.com\/index.php?rest_route=\/wp\/v2\/media\/15327"}],"wp:attachment":[{"href":"https:\/\/revistazetta.com\/index.php?rest_route=%2Fwp%2Fv2%2Fmedia&parent=15326"}],"wp:term":[{"taxonomy":"category","embeddable":true,"href":"https:\/\/revistazetta.com\/index.php?rest_route=%2Fwp%2Fv2%2Fcategories&post=15326"},{"taxonomy":"post_tag","embeddable":true,"href":"https:\/\/revistazetta.com\/index.php?rest_route=%2Fwp%2Fv2%2Ftags&post=15326"}],"curies":[{"name":"wp","href":"https:\/\/api.w.org\/{rel}","templated":true}]}}