{"id":15331,"date":"2016-08-24T06:40:38","date_gmt":"2016-08-24T11:40:38","guid":{"rendered":"http:\/\/www.revistazetta.com\/?p=15331"},"modified":"2016-08-24T06:40:38","modified_gmt":"2016-08-24T11:40:38","slug":"tremores-pleno-receso-del-concejo-se-acabo-quintismo","status":"publish","type":"post","link":"https:\/\/revistazetta.com\/?p=15331","title":{"rendered":"Tremores en pleno receso del Concejo: se acab\u00f3 el \u201cquintismo\u201d"},"content":{"rendered":"<p><strong>Por John Zamora (Director Revista Zetta).-<\/strong> No por estar en receso hay calma pol\u00edtica en el Concejo. La salida del director administrativo, Remberto Via\u00f1a \u2013de la cuerda del concejal Salim Antonio Guerra-, confirm\u00f3 que hay una nueva coalici\u00f3n, no solo conformada para elegir a un Secretario General (Aroldo Coneo), sino para ampliar su influencia hasta la elecci\u00f3n de la Mesa Directiva de 2017.<\/p>\n<p>La nueva coalici\u00f3n tambi\u00e9n significa que el sello de \u201cQuinto Guerra\u201d qued\u00f3 removido y que hay un prop\u00f3sito general de trabajar en armon\u00eda con la administraci\u00f3n de Manolo Duque.<\/p>\n<p>Los \u201cquintistas\u201d que est\u00e1n en la nueva coalici\u00f3n son de veteran\u00eda como Vicente Blel, David D\u00e1ger, C\u00e9sar Pi\u00f3n, Rafael Meza o Lewis Montero, y tambi\u00e9n los de la \u201cnueva era\u201d como Edgar Mendoza, David Caballero o Carlos Barrios. Ellos ahora est\u00e1n en la misma orilla junto con William P\u00e9rez, Javier Curi, Davinia Torres, Ronald Fortich, Erich Pi\u00f1a y Luis Cassiani. (Por fuera de coalici\u00f3n est\u00e1n Zaith Adechine, Jorge Useche, Ang\u00e9lica Hodeg, Am\u00e9rico Mendoza y Antonio Salim Guerra).<\/p>\n<p>Precisamente Cassiani ha venido a tener un protagonismo inusitado, pues un allegado suyo ser\u00e1 quien reemplace a Via\u00f1a, quien encontr\u00f3 pronto trabajo como funcionario en la Secretar\u00eda de Hacienda.<\/p>\n<p>Pero adem\u00e1s de reclamar esa posici\u00f3n de Cambio Radical, tambi\u00e9n se menciona que Cassiani se ha venido moviendo para ambientar su nombre y ser el pr\u00f3ximo presidente del Concejo.<\/p>\n<p>No obstante, en materia de ambientaci\u00f3n, la veteran\u00eda de Lewis Montero y David D\u00e1ger parece que le vienen tomando terreno.<\/p>\n<p>En d\u00edas pasados se registr\u00f3 una amable reuni\u00f3n en casa de C\u00e9sar Pi\u00f3n la que estuvieron Lewis Montero, Javier Curi, Edgar Mendoza, Rafael Meza, Erich Pi\u00f1a, Ronald Fortich y hasta Jorge Useche, quien es de los que est\u00e1n \u201cout\u201d. Aunque se trataron temas generales y hubo mamadera de gallo, lo cierto es que suelen utilizarse este tipo de reuniones para ambientar proyectos de largo aliento.<\/p>\n<p>\u00bfQui\u00e9n quita se sea Lewis el que se est\u00e9 moviendo? Recordemos que es el m\u00e1s veterano junto con David D\u00e1ger, quien ha sido presidente tres veces, honor que no ha disfrutado el \u00fanico miembro de Opci\u00f3n Ciudadana en el Concejo.<\/p>\n<p>\u00bfQu\u00e9 tal que se est\u00e9 sembrando la idea de rendirle un homenaje a su trayectoria y aunar esfuerzos para llevarlo a la Presidencia?<\/p>\n<p>Lo que sucede es que es muy temprano y cualquier cosa puede pasar, incluso que se le atraviese hasta alg\u00fan otro miembro de la coalici\u00f3n. Por ejemplo, David Dager siempre es un no-no-no y despu\u00e9s resulta que s\u00ed\u2026 Es que David siempre est\u00e1 al servicio de la democracia.. \u00bfy si la democracia quiere..?<\/p>\n<p>Tal vez el desenlace de esta historia deba esperar hasta las sesiones de octubre, as\u00ed haya rumores que en breve se convocar\u00e1 a extras. El tema de Mesa Directiva 2017 ser\u00e1 fijo en las ordinarias. \u00bfHabr\u00e1 sorpresas? \u00bfQui\u00e9nes ser\u00e1n los gallos? \u00bfSe sostendr\u00e1 la actual coalici\u00f3n mayoritaria? \u00bfTerminar\u00e1 todo en una sola coalici\u00f3n? \u00bfSeguir\u00e1 el alcalde Duque al margen de todos estos movimientos? Como en las buenas series polic\u00edacas gringas\u2026 esta historia continuar\u00e1\u2026 (To be continued\u2026)<\/p>\n","protected":false},"excerpt":{"rendered":"<p>Por John Zamora (Director Revista Zetta).- No por estar en receso hay calma pol\u00edtica en el Concejo. La salida del director administrativo, Remberto Via\u00f1a \u2013de la cuerda del concejal Salim Antonio Guerra-, confirm\u00f3 que hay una nueva coalici\u00f3n, no solo conformada para elegir a un Secretario General (Aroldo Coneo), sino para ampliar su influencia hasta la elecci\u00f3n de la Mesa Directiva de 2017. La nueva coalici\u00f3n tambi\u00e9n significa que el sello de \u201cQuinto Guerra\u201d qued\u00f3 removido y que hay un prop\u00f3sito general de trabajar en armon\u00eda con la administraci\u00f3n de&#8230; <\/p>\n","protected":false},"author":3,"featured_media":15330,"comment_status":"open","ping_status":"closed","sticky":false,"template":"","format":"standard","meta":{"footnotes":"","_links_to":"","_links_to_target":""},"categories":[75,27,4],"tags":[],"class_list":["post-15331","post","type-post","status-publish","format-standard","has-post-thumbnail","hentry","category-destacada","category-politicaconcejo","category-politica"],"_links":{"self":[{"href":"https:\/\/revistazetta.com\/index.php?rest_route=\/wp\/v2\/posts\/15331","targetHints":{"allow":["GET"]}}],"collection":[{"href":"https:\/\/revistazetta.com\/index.php?rest_route=\/wp\/v2\/posts"}],"about":[{"href":"https:\/\/revistazetta.com\/index.php?rest_route=\/wp\/v2\/types\/post"}],"author":[{"embeddable":true,"href":"https:\/\/revistazetta.com\/index.php?rest_route=\/wp\/v2\/users\/3"}],"replies":[{"embeddable":true,"href":"https:\/\/revistazetta.com\/index.php?rest_route=%2Fwp%2Fv2%2Fcomments&post=15331"}],"version-history":[{"count":0,"href":"https:\/\/revistazetta.com\/index.php?rest_route=\/wp\/v2\/posts\/15331\/revisions"}],"wp:featuredmedia":[{"embeddable":true,"href":"https:\/\/revistazetta.com\/index.php?rest_route=\/wp\/v2\/media\/15330"}],"wp:attachment":[{"href":"https:\/\/revistazetta.com\/index.php?rest_route=%2Fwp%2Fv2%2Fmedia&parent=15331"}],"wp:term":[{"taxonomy":"category","embeddable":true,"href":"https:\/\/revistazetta.com\/index.php?rest_route=%2Fwp%2Fv2%2Fcategories&post=15331"},{"taxonomy":"post_tag","embeddable":true,"href":"https:\/\/revistazetta.com\/index.php?rest_route=%2Fwp%2Fv2%2Ftags&post=15331"}],"curies":[{"name":"wp","href":"https:\/\/api.w.org\/{rel}","templated":true}]}}