{"id":15332,"date":"2016-08-24T07:44:34","date_gmt":"2016-08-24T12:44:34","guid":{"rendered":"http:\/\/www.revistazetta.com\/?p=15332"},"modified":"2016-08-24T07:55:38","modified_gmt":"2016-08-24T12:55:38","slug":"confiamos-comfamiliar-eps-saldra-adelante-asociacion-usuarios","status":"publish","type":"post","link":"https:\/\/revistazetta.com\/?p=15332","title":{"rendered":"\u201cConfiamos en que Comfamiliar EPS saldr\u00e1 adelante\u201d: Asociaci\u00f3n de usuarios"},"content":{"rendered":"<p><img loading=\"lazy\" decoding=\"async\" class=\"alignright size-medium wp-image-15334\" src=\"https:\/\/www.revistazetta.com\/wp-content\/uploads\/2016\/08\/usuarios-asamblea-03-300x188.jpg\" alt=\"usuarios asamblea 03\" width=\"300\" height=\"188\" srcset=\"https:\/\/revistazetta.com\/wp-content\/uploads\/2016\/08\/usuarios-asamblea-03-300x188.jpg 300w, https:\/\/revistazetta.com\/wp-content\/uploads\/2016\/08\/usuarios-asamblea-03-234x146.jpg 234w, https:\/\/revistazetta.com\/wp-content\/uploads\/2016\/08\/usuarios-asamblea-03-50x31.jpg 50w, https:\/\/revistazetta.com\/wp-content\/uploads\/2016\/08\/usuarios-asamblea-03-120x75.jpg 120w, https:\/\/revistazetta.com\/wp-content\/uploads\/2016\/08\/usuarios-asamblea-03.jpg 576w\" sizes=\"auto, (max-width: 300px) 100vw, 300px\" \/> <img loading=\"lazy\" decoding=\"async\" class=\"alignright size-medium wp-image-15335\" src=\"https:\/\/www.revistazetta.com\/wp-content\/uploads\/2016\/08\/veedor-dadis-300x188.jpg\" alt=\"veedor dadis\" width=\"300\" height=\"188\" srcset=\"https:\/\/revistazetta.com\/wp-content\/uploads\/2016\/08\/veedor-dadis-300x188.jpg 300w, https:\/\/revistazetta.com\/wp-content\/uploads\/2016\/08\/veedor-dadis-234x146.jpg 234w, https:\/\/revistazetta.com\/wp-content\/uploads\/2016\/08\/veedor-dadis-50x31.jpg 50w, https:\/\/revistazetta.com\/wp-content\/uploads\/2016\/08\/veedor-dadis-120x75.jpg 120w, https:\/\/revistazetta.com\/wp-content\/uploads\/2016\/08\/veedor-dadis.jpg 576w\" sizes=\"auto, (max-width: 300px) 100vw, 300px\" \/> <img loading=\"lazy\" decoding=\"async\" class=\"alignright size-medium wp-image-15336\" src=\"https:\/\/www.revistazetta.com\/wp-content\/uploads\/2016\/08\/Yuli-Romero-Hern\u00e1ndez-afiliada-Comfamiliar-EPS-240x300.jpg\" alt=\"Yuli Romero Hern\u00e1ndez afiliada Comfamiliar EPS\" width=\"240\" height=\"300\" srcset=\"https:\/\/revistazetta.com\/wp-content\/uploads\/2016\/08\/Yuli-Romero-Hern\u00e1ndez-afiliada-Comfamiliar-EPS-240x300.jpg 240w, https:\/\/revistazetta.com\/wp-content\/uploads\/2016\/08\/Yuli-Romero-Hern\u00e1ndez-afiliada-Comfamiliar-EPS-117x146.jpg 117w, https:\/\/revistazetta.com\/wp-content\/uploads\/2016\/08\/Yuli-Romero-Hern\u00e1ndez-afiliada-Comfamiliar-EPS-40x50.jpg 40w, https:\/\/revistazetta.com\/wp-content\/uploads\/2016\/08\/Yuli-Romero-Hern\u00e1ndez-afiliada-Comfamiliar-EPS-60x75.jpg 60w, https:\/\/revistazetta.com\/wp-content\/uploads\/2016\/08\/Yuli-Romero-Hern\u00e1ndez-afiliada-Comfamiliar-EPS.jpg 480w\" sizes=\"auto, (max-width: 240px) 100vw, 240px\" \/>Tras una convocatoria hecha por Comfamiliar EPS-S, afiliados de la entidad se dieron cita en el Centro Recreacional Napole\u00f3n Perea, para participar en la Asamblea de Elecci\u00f3n de la Asociaci\u00f3n de Usuarios de la entidad (Asodeus).<\/p>\n<p>En la reuni\u00f3n estuvieron presentes los directivos de la EPS, Dra. Ayde\u00e9 Valiente Jurado, gerente de la entidad; Tania Guzm\u00e1n Simancas, coordinadora; Mar\u00eda Zully Mart\u00ednez, coordinadora de Promoci\u00f3n y Prevenci\u00f3n y en representaci\u00f3n del Departamento Administrativo de Salud Distrital (Dadis), el veedor Erik Urueta Benavides.<\/p>\n<p>El funcionario del Dadis fue el encargado de recibir las planillas de postulaci\u00f3n de los afiliados interesados en hacer parte de la Asociaci\u00f3n de Usuarios de la EPS, la cual funge como garante de los derechos de las 220 mil personas que Comfamiliar EPS-S atiende en Bol\u00edvar.<\/p>\n<p>De manera democr\u00e1tica los presentes votaron por los postulados y fue ratificada la n\u00f3mina que ha venido ejerciendo veedur\u00eda de la EPS durante el \u00faltimo a\u00f1o.<\/p>\n<p><strong>Por los derechos de los usuarios<\/strong><\/p>\n<p>Tras varias consideraciones de los participantes en la Asamblea, David Torres fue reelegido como presidente de la Asociaci\u00f3n, integrada por ocho miembros, entre los cuales se encuentran su vicepresidente, Manuel \u00c1lvarez y la fiscal, Sonia Garc\u00eda.<\/p>\n<p>\u201cLa funci\u00f3n de nosotros como Asociaci\u00f3n de Usuarios es vigilar y garantizar los derechos de nuestros usuarios en esta EPS (\u2026) Los canales de comunicaci\u00f3n con las directivas de la EPS son buenos, gracias a eso, los espacios para entregar y recibir informaci\u00f3n se nos han dado. Estamos s\u00f3lidamente\u00a0 conformados como una Asociaci\u00f3n garante de nuestros derechos, para brindarles (a los afiliados) la asesor\u00eda y el acompa\u00f1amiento que necesiten\u201d, expres\u00f3 David Torres, presidente de la Asociaci\u00f3n de Usuarios.<\/p>\n<p>El representante de los afiliados a la entidad de salud, agreg\u00f3 adem\u00e1s que \u201cTenemos problemas como los tienen todas las EPS, esto no es algo que tenga que ver con la intervenci\u00f3n de la empresa, todas las entidades prestadoras de servicios presentan el mismo tipo de falencias\u201d y se comprometi\u00f3 a \u201cservir y a colaborar a la EPS Comfamiliar, ser garante de ella, un colaborador de esta empresa. Y brindar la informaci\u00f3n adecuada a nuestros usuarios\u201d.<\/p>\n<p><strong>\u201cMe voy contenta\u201d<\/strong><\/p>\n<p>Yuli Romero Hern\u00e1ndez est\u00e1 afiliada a Comfamiliar EPS-S desde hace 20 a\u00f1os y debido a \u201clos rumores\u201d acerca de la intervenci\u00f3n de la entidad decidi\u00f3 asistir a la Asamblea.<\/p>\n<p>\u201cMe siento orgullosa de esta EPS, siempre he recibido la mejor atenci\u00f3n.\u00a0 Vine a la Asamblea para conocer cu\u00e1l era la situaci\u00f3n de la EPS Comfamiliar, yo tengo que saber qu\u00e9 es lo que va a pasar con ella. Hay muchas personas hablando que la van a liquidar, que la van a cerrar y yo no cre\u00eda en eso, por eso decid\u00ed asistir a la Asamblea para saber qu\u00e9 dicen\u201d, coment\u00f3 la afiliada, quien agreg\u00f3 que despu\u00e9s de la reuni\u00f3n \u201cme voy contenta, con una buena informaci\u00f3n, tengo tranquilidad en mi coraz\u00f3n, Comfamiliar se va a fortalecer de nuevo y va a hacer las cosas de la mejor manera para que los usuarios est\u00e9n contentos\u201d.<\/p>\n<p>Como Yuli, los asistentes a la Asamblea despejaron sus dudas respecto a la\u00a0medida preventiva de Vigilancia Especial al Programa de Salud de la Caja, que, mediante Resoluci\u00f3n No. 002258 de 2016, adopt\u00f3 la Superintendencia Nacional de Salud la semana pasada.<\/p>\n<p>Ayde\u00e9 Valiente, gerente de la EPS se encarg\u00f3 de transmitirle a los usuarios presentes el mensaje de la Direcci\u00f3n Administrativa de Comfamiliar que ratifica que \u201cEsta medida afianza el compromiso de la direcci\u00f3n por cumplir con sus objetivos misionales, as\u00ed como la adecuada prestaci\u00f3n de servicios a los usuarios de la EPS, y las responsabilidades econ\u00f3micas con sus proveedores y la comunidad en general\u201d y garantiz\u00f3 que la Vigilancia Especial de ninguna manera afectar\u00e1 negativamente a nuestra poblaci\u00f3n afiliada.<\/p>\n","protected":false},"excerpt":{"rendered":"<p>Tras una convocatoria hecha por Comfamiliar EPS-S, afiliados de la entidad se dieron cita en el Centro Recreacional Napole\u00f3n Perea, para participar en la Asamblea de Elecci\u00f3n de la Asociaci\u00f3n de Usuarios de la entidad (Asodeus). En la reuni\u00f3n estuvieron presentes los directivos de la EPS, Dra. Ayde\u00e9 Valiente Jurado, gerente de la entidad; Tania Guzm\u00e1n Simancas, coordinadora; Mar\u00eda Zully Mart\u00ednez, coordinadora de Promoci\u00f3n y Prevenci\u00f3n y en representaci\u00f3n del Departamento Administrativo de Salud Distrital (Dadis), el veedor Erik Urueta Benavides. El funcionario del Dadis fue el encargado de recibir&#8230; <\/p>\n","protected":false},"author":3,"featured_media":15333,"comment_status":"open","ping_status":"closed","sticky":false,"template":"","format":"standard","meta":{"footnotes":"","_links_to":"","_links_to_target":""},"categories":[3,75,50],"tags":[],"class_list":["post-15332","post","type-post","status-publish","format-standard","has-post-thumbnail","hentry","category-ciudad","category-destacada","category-empresa"],"_links":{"self":[{"href":"https:\/\/revistazetta.com\/index.php?rest_route=\/wp\/v2\/posts\/15332","targetHints":{"allow":["GET"]}}],"collection":[{"href":"https:\/\/revistazetta.com\/index.php?rest_route=\/wp\/v2\/posts"}],"about":[{"href":"https:\/\/revistazetta.com\/index.php?rest_route=\/wp\/v2\/types\/post"}],"author":[{"embeddable":true,"href":"https:\/\/revistazetta.com\/index.php?rest_route=\/wp\/v2\/users\/3"}],"replies":[{"embeddable":true,"href":"https:\/\/revistazetta.com\/index.php?rest_route=%2Fwp%2Fv2%2Fcomments&post=15332"}],"version-history":[{"count":0,"href":"https:\/\/revistazetta.com\/index.php?rest_route=\/wp\/v2\/posts\/15332\/revisions"}],"wp:featuredmedia":[{"embeddable":true,"href":"https:\/\/revistazetta.com\/index.php?rest_route=\/wp\/v2\/media\/15333"}],"wp:attachment":[{"href":"https:\/\/revistazetta.com\/index.php?rest_route=%2Fwp%2Fv2%2Fmedia&parent=15332"}],"wp:term":[{"taxonomy":"category","embeddable":true,"href":"https:\/\/revistazetta.com\/index.php?rest_route=%2Fwp%2Fv2%2Fcategories&post=15332"},{"taxonomy":"post_tag","embeddable":true,"href":"https:\/\/revistazetta.com\/index.php?rest_route=%2Fwp%2Fv2%2Ftags&post=15332"}],"curies":[{"name":"wp","href":"https:\/\/api.w.org\/{rel}","templated":true}]}}