{"id":15338,"date":"2016-08-24T11:57:38","date_gmt":"2016-08-24T16:57:38","guid":{"rendered":"http:\/\/www.revistazetta.com\/?p=15338"},"modified":"2016-08-24T11:58:26","modified_gmt":"2016-08-24T16:58:26","slug":"distrito-lidera-capacitacion-proteccion-animal","status":"publish","type":"post","link":"https:\/\/revistazetta.com\/?p=15338","title":{"rendered":"Distrito lidera capacitaci\u00f3n en protecci\u00f3n animal"},"content":{"rendered":"<p>La Alcald\u00eda Mayor de Cartagena a trav\u00e9s de la Unidad Municipal de Asistencia T\u00e9cnica Agropecuaria (<strong>Umata<\/strong>), adelantar\u00e1 una jornada de sensibilizaci\u00f3n sobre la protecci\u00f3n y bienestar animal, dirigido a diferentes sectores de la ciudad.<\/p>\n<p>Se trata del Segundo Simposio \u201cCartagena Heroica con los Animales, por una Cultura de Paz con todas las Especies\u201d, que cuenta con el apoyo de la <strong>Universidad Rafael N\u00fa\u00f1ez<\/strong>, <strong>Fundaci\u00f3n Amigo Fiel<\/strong>, <strong>Fundaci\u00f3n Equino<\/strong> y <strong>Fundaci\u00f3n Huellas de Amor<\/strong>.<\/p>\n<p>El director de la entidad, <strong>Gustavo Jim\u00e9nez Sierra<\/strong>, asegur\u00f3 que dentro de la programaci\u00f3n se encuentra la capacitaci\u00f3n en herramientas jur\u00eddicas de protecci\u00f3n animal, defensa y promoci\u00f3n de los derechos de los animales como pol\u00edtica p\u00fablica, entre otros temas.<\/p>\n<p>\u201cEl prop\u00f3sito es que todas las organizaciones sociales, l\u00edderes comunitarios, miembros de corporaciones p\u00fablicas, estudiantes universitarios, representantes de entidades p\u00fablicas, secretarios de gobierno, de entidades de salud, fiscales, jueces, personeros, polic\u00eda y la ciudadan\u00eda en general, tenga el conocimiento en herramientas para educar en la empat\u00eda hacia los animales, que se capaciten en herramientas jur\u00eddicas de protecci\u00f3n animal y crear una cultura de respeto hacia estos seres sintientes\u201d, dijo.<\/p>\n<p>La actividad se realizar\u00e1 el jueves 25 y viernes 26 de agosto en la Corporaci\u00f3n Universitaria Rafael N\u00fa\u00f1ez, Sede biblioteca, Auditorio 2, ubicada en la calle 1ra de Badillo No. 25 \u2013 23<\/p>\n","protected":false},"excerpt":{"rendered":"<p>La Alcald\u00eda Mayor de Cartagena a trav\u00e9s de la Unidad Municipal de Asistencia T\u00e9cnica Agropecuaria (Umata), adelantar\u00e1 una jornada de sensibilizaci\u00f3n sobre la protecci\u00f3n y bienestar animal, dirigido a diferentes sectores de la ciudad. Se trata del Segundo Simposio \u201cCartagena Heroica con los Animales, por una Cultura de Paz con todas las Especies\u201d, que cuenta con el apoyo de la Universidad Rafael N\u00fa\u00f1ez, Fundaci\u00f3n Amigo Fiel, Fundaci\u00f3n Equino y Fundaci\u00f3n Huellas de Amor. El director de la entidad, Gustavo Jim\u00e9nez Sierra, asegur\u00f3 que dentro de la programaci\u00f3n se encuentra la&#8230; <\/p>\n","protected":false},"author":3,"featured_media":15339,"comment_status":"open","ping_status":"closed","sticky":false,"template":"","format":"standard","meta":{"footnotes":"","_links_to":"","_links_to_target":""},"categories":[32],"tags":[],"class_list":["post-15338","post","type-post","status-publish","format-standard","has-post-thumbnail","hentry","category-actualidad-distrito"],"_links":{"self":[{"href":"https:\/\/revistazetta.com\/index.php?rest_route=\/wp\/v2\/posts\/15338","targetHints":{"allow":["GET"]}}],"collection":[{"href":"https:\/\/revistazetta.com\/index.php?rest_route=\/wp\/v2\/posts"}],"about":[{"href":"https:\/\/revistazetta.com\/index.php?rest_route=\/wp\/v2\/types\/post"}],"author":[{"embeddable":true,"href":"https:\/\/revistazetta.com\/index.php?rest_route=\/wp\/v2\/users\/3"}],"replies":[{"embeddable":true,"href":"https:\/\/revistazetta.com\/index.php?rest_route=%2Fwp%2Fv2%2Fcomments&post=15338"}],"version-history":[{"count":0,"href":"https:\/\/revistazetta.com\/index.php?rest_route=\/wp\/v2\/posts\/15338\/revisions"}],"wp:featuredmedia":[{"embeddable":true,"href":"https:\/\/revistazetta.com\/index.php?rest_route=\/wp\/v2\/media\/15339"}],"wp:attachment":[{"href":"https:\/\/revistazetta.com\/index.php?rest_route=%2Fwp%2Fv2%2Fmedia&parent=15338"}],"wp:term":[{"taxonomy":"category","embeddable":true,"href":"https:\/\/revistazetta.com\/index.php?rest_route=%2Fwp%2Fv2%2Fcategories&post=15338"},{"taxonomy":"post_tag","embeddable":true,"href":"https:\/\/revistazetta.com\/index.php?rest_route=%2Fwp%2Fv2%2Ftags&post=15338"}],"curies":[{"name":"wp","href":"https:\/\/api.w.org\/{rel}","templated":true}]}}