{"id":15340,"date":"2016-08-24T12:27:56","date_gmt":"2016-08-24T17:27:56","guid":{"rendered":"http:\/\/www.revistazetta.com\/?p=15340"},"modified":"2016-08-24T12:27:56","modified_gmt":"2016-08-24T17:27:56","slug":"alcaldia-busca-incluir-cartagena-movimiento-global-las-buenas-acciones","status":"publish","type":"post","link":"https:\/\/revistazetta.com\/?p=15340","title":{"rendered":"Alcald\u00eda busca incluir a Cartagena en el movimiento global de las buenas acciones"},"content":{"rendered":"<p>Con el prop\u00f3sito de generar sentido de pertenencia por la ciudad, a trav\u00e9s de la realizaci\u00f3n de buenas obras, la Alcald\u00eda de Cartagena, mediante la Escuela de Gobierno y Liderazgo, promueve en su edici\u00f3n n\u00famero dos, el proyecto \u201c<strong>De Coraz\u00f3n Por Cartagena<\/strong>\u201d, en la localidad Uno.<\/p>\n<p>La estrategia se encuentra enmarcada dentro del programa \u201c<strong>Escuela sin Fronteras<\/strong>\u201d del plan de desarrollo Primero la Gente del alcalde Manolo Duque. La caravana de las \u2018buenas acciones\u2019 inicia su recorrido a las 6:00 de la ma\u00f1ana, en el barrio San Francisco, este domingo 28 de agosto.<\/p>\n<p>Sigue visitando a los habitantes de los sectores Kennedy, Para\u00edso II, Canapote, Santa Mar\u00eda, 7 de Agosto, Petare, Pedro Salazar, Los Comuneros, Manga y Los Calamares. De igual forma, Chambac\u00fa y el Mercado Bazurto, para finalizar con un gran cierre en inmediaciones del monumento Las Tenazas.<\/p>\n<p><img loading=\"lazy\" decoding=\"async\" class=\"alignright size-medium wp-image-15342\" src=\"https:\/\/www.revistazetta.com\/wp-content\/uploads\/2016\/08\/DCPC-300x187.jpg\" alt=\"DCPC\" width=\"300\" height=\"187\" srcset=\"https:\/\/revistazetta.com\/wp-content\/uploads\/2016\/08\/DCPC-300x187.jpg 300w, https:\/\/revistazetta.com\/wp-content\/uploads\/2016\/08\/DCPC-234x146.jpg 234w, https:\/\/revistazetta.com\/wp-content\/uploads\/2016\/08\/DCPC-50x31.jpg 50w, https:\/\/revistazetta.com\/wp-content\/uploads\/2016\/08\/DCPC-120x75.jpg 120w, https:\/\/revistazetta.com\/wp-content\/uploads\/2016\/08\/DCPC.jpg 570w\" sizes=\"auto, (max-width: 300px) 100vw, 300px\" \/> <img loading=\"lazy\" decoding=\"async\" class=\"alignright size-medium wp-image-15343\" src=\"https:\/\/www.revistazetta.com\/wp-content\/uploads\/2016\/08\/DCPC2-300x187.jpg\" alt=\"DCPC2\" width=\"300\" height=\"187\" srcset=\"https:\/\/revistazetta.com\/wp-content\/uploads\/2016\/08\/DCPC2-300x187.jpg 300w, https:\/\/revistazetta.com\/wp-content\/uploads\/2016\/08\/DCPC2-234x146.jpg 234w, https:\/\/revistazetta.com\/wp-content\/uploads\/2016\/08\/DCPC2-50x31.jpg 50w, https:\/\/revistazetta.com\/wp-content\/uploads\/2016\/08\/DCPC2-120x75.jpg 120w, https:\/\/revistazetta.com\/wp-content\/uploads\/2016\/08\/DCPC2.jpg 570w\" sizes=\"auto, (max-width: 300px) 100vw, 300px\" \/><\/p>\n<p>Los cartageneros participar\u00e1n mediante actividades dirigidas al pr\u00f3jimo, medio ambiente y la comunidad.\u00a0Con la siembra de \u00e1rboles, eliminaci\u00f3n de basureros sat\u00e9lite, embellecimiento de fachadas, donaci\u00f3n de uniformes deportivos, juguetes y alimentos a las personas m\u00e1s necesitadas, se busca inducir a las comunidades a realizar acciones positivas.<\/p>\n<p>De igual forma se incentiva la solidaridad con la realizaci\u00f3n de eventos l\u00fadicos y recreativos en pro de los ni\u00f1os, miembros de la tercera edad y discapacitados.<\/p>\n<p>Con la ejecuci\u00f3n de esta iniciativa se busca dar el primer paso para incluir a Cartagena, como parte del movimiento global de las buenas acciones que se realizar\u00e1 el 2 de abril de 2017, y as\u00ed ubicarla como exponente ante el mundo del sentido de pertenencia que existe en sus habitantes.<\/p>\n<p>El alcalde menor de la localidad 1, Javier Enrique Jaramillo, y el gabinete distrital, confirmaron su apoyo a las actividades programadas con miras al D\u00eda de las Buenas Acciones.<\/p>\n","protected":false},"excerpt":{"rendered":"<p>Con el prop\u00f3sito de generar sentido de pertenencia por la ciudad, a trav\u00e9s de la realizaci\u00f3n de buenas obras, la Alcald\u00eda de Cartagena, mediante la Escuela de Gobierno y Liderazgo, promueve en su edici\u00f3n n\u00famero dos, el proyecto \u201cDe Coraz\u00f3n Por Cartagena\u201d, en la localidad Uno. La estrategia se encuentra enmarcada dentro del programa \u201cEscuela sin Fronteras\u201d del plan de desarrollo Primero la Gente del alcalde Manolo Duque. La caravana de las \u2018buenas acciones\u2019 inicia su recorrido a las 6:00 de la ma\u00f1ana, en el barrio San Francisco, este domingo&#8230; <\/p>\n","protected":false},"author":3,"featured_media":15341,"comment_status":"open","ping_status":"closed","sticky":false,"template":"","format":"standard","meta":{"footnotes":"","_links_to":"","_links_to_target":""},"categories":[32,86,75],"tags":[],"class_list":["post-15340","post","type-post","status-publish","format-standard","has-post-thumbnail","hentry","category-actualidad-distrito","category-comunidad","category-destacada"],"_links":{"self":[{"href":"https:\/\/revistazetta.com\/index.php?rest_route=\/wp\/v2\/posts\/15340","targetHints":{"allow":["GET"]}}],"collection":[{"href":"https:\/\/revistazetta.com\/index.php?rest_route=\/wp\/v2\/posts"}],"about":[{"href":"https:\/\/revistazetta.com\/index.php?rest_route=\/wp\/v2\/types\/post"}],"author":[{"embeddable":true,"href":"https:\/\/revistazetta.com\/index.php?rest_route=\/wp\/v2\/users\/3"}],"replies":[{"embeddable":true,"href":"https:\/\/revistazetta.com\/index.php?rest_route=%2Fwp%2Fv2%2Fcomments&post=15340"}],"version-history":[{"count":0,"href":"https:\/\/revistazetta.com\/index.php?rest_route=\/wp\/v2\/posts\/15340\/revisions"}],"wp:featuredmedia":[{"embeddable":true,"href":"https:\/\/revistazetta.com\/index.php?rest_route=\/wp\/v2\/media\/15341"}],"wp:attachment":[{"href":"https:\/\/revistazetta.com\/index.php?rest_route=%2Fwp%2Fv2%2Fmedia&parent=15340"}],"wp:term":[{"taxonomy":"category","embeddable":true,"href":"https:\/\/revistazetta.com\/index.php?rest_route=%2Fwp%2Fv2%2Fcategories&post=15340"},{"taxonomy":"post_tag","embeddable":true,"href":"https:\/\/revistazetta.com\/index.php?rest_route=%2Fwp%2Fv2%2Ftags&post=15340"}],"curies":[{"name":"wp","href":"https:\/\/api.w.org\/{rel}","templated":true}]}}