{"id":15344,"date":"2016-08-24T14:24:57","date_gmt":"2016-08-24T19:24:57","guid":{"rendered":"http:\/\/www.revistazetta.com\/?p=15344"},"modified":"2016-08-24T14:24:57","modified_gmt":"2016-08-24T19:24:57","slug":"este-jueves-sinfonia-espanola-unibac","status":"publish","type":"post","link":"https:\/\/revistazetta.com\/?p=15344","title":{"rendered":"Este jueves, \u201cSinfon\u00eda Espa\u00f1ola\u201d en Unibac"},"content":{"rendered":"<p>Este jueves 25 de agosto, la Orquesta Sinf\u00f3nica de Bol\u00edvar interpretar\u00e1 la \u201cSinfon\u00eda Espa\u00f1ola\u201d\u00a0de \u00c9douard Lalo,\u00a0en el Sal\u00f3n Pierre Daguet de la Instituci\u00f3n Universitaria Bellas Artes y Ciencias de Bol\u00edvar (Unibac), a las 6 de la tarde, con entrada libre al p\u00fablico.<\/p>\n<p>Para esta ocasi\u00f3n, la Sinf\u00f3nica tiene como invitado al solista Juan Camilo Vel\u00e1squez Bueno, considerado como uno de los violinistas m\u00e1s destacados de su generaci\u00f3n en el panorama nacional. Ha integrado orquestas como la Filarm\u00f3nica de Cali, Orquesta Sinf\u00f3nica de la Universidad Mayor de Santiago de Chile, Filarm\u00f3nica Joven de Colombia, Youth Orchestra of Am\u00e9ricas, la Orquesta Filarm\u00f3nica de la \u00d3pera de Santiago de Chile y la Orquesta Juvenil de Chile.<\/p>\n<p>Por su parte, la Orquesta Sinf\u00f3nica de Bol\u00edvar est\u00e1 integrada por talentosos estudiantes y docentes del Conservatorio de M\u00fasica Adolfo Mej\u00eda de Unibac, dirigidos por el Maestro Germ\u00e1n C\u00e9spedes D\u00edaz.<\/p>\n<p>Hoy es considerada la orquesta m\u00e1s importante del Caribe colombiano en su g\u00e9nero y un referente en el medio universitario del pa\u00eds.<\/p>\n<p>\u201cSinfon\u00eda Espa\u00f1ola\u201d\u00a0es\u00a0un concierto para viol\u00edn y orquesta compuesto por cinco movimientos: Allegro non troppo, Scherzando (Allegro molto), Intermezzo (Allegretto non troppo), Andante y Rondo (Allegro).<\/p>\n","protected":false},"excerpt":{"rendered":"<p>Este jueves 25 de agosto, la Orquesta Sinf\u00f3nica de Bol\u00edvar interpretar\u00e1 la \u201cSinfon\u00eda Espa\u00f1ola\u201d\u00a0de \u00c9douard Lalo,\u00a0en el Sal\u00f3n Pierre Daguet de la Instituci\u00f3n Universitaria Bellas Artes y Ciencias de Bol\u00edvar (Unibac), a las 6 de la tarde, con entrada libre al p\u00fablico. Para esta ocasi\u00f3n, la Sinf\u00f3nica tiene como invitado al solista Juan Camilo Vel\u00e1squez Bueno, considerado como uno de los violinistas m\u00e1s destacados de su generaci\u00f3n en el panorama nacional. Ha integrado orquestas como la Filarm\u00f3nica de Cali, Orquesta Sinf\u00f3nica de la Universidad Mayor de Santiago de Chile, Filarm\u00f3nica&#8230; <\/p>\n","protected":false},"author":3,"featured_media":0,"comment_status":"open","ping_status":"closed","sticky":false,"template":"","format":"standard","meta":{"footnotes":"","_links_to":"","_links_to_target":""},"categories":[2,61,43],"tags":[],"class_list":["post-15344","post","type-post","status-publish","format-standard","hentry","category-actualidad","category-agenda-cultura","category-cultura-musica"],"_links":{"self":[{"href":"https:\/\/revistazetta.com\/index.php?rest_route=\/wp\/v2\/posts\/15344","targetHints":{"allow":["GET"]}}],"collection":[{"href":"https:\/\/revistazetta.com\/index.php?rest_route=\/wp\/v2\/posts"}],"about":[{"href":"https:\/\/revistazetta.com\/index.php?rest_route=\/wp\/v2\/types\/post"}],"author":[{"embeddable":true,"href":"https:\/\/revistazetta.com\/index.php?rest_route=\/wp\/v2\/users\/3"}],"replies":[{"embeddable":true,"href":"https:\/\/revistazetta.com\/index.php?rest_route=%2Fwp%2Fv2%2Fcomments&post=15344"}],"version-history":[{"count":0,"href":"https:\/\/revistazetta.com\/index.php?rest_route=\/wp\/v2\/posts\/15344\/revisions"}],"wp:attachment":[{"href":"https:\/\/revistazetta.com\/index.php?rest_route=%2Fwp%2Fv2%2Fmedia&parent=15344"}],"wp:term":[{"taxonomy":"category","embeddable":true,"href":"https:\/\/revistazetta.com\/index.php?rest_route=%2Fwp%2Fv2%2Fcategories&post=15344"},{"taxonomy":"post_tag","embeddable":true,"href":"https:\/\/revistazetta.com\/index.php?rest_route=%2Fwp%2Fv2%2Ftags&post=15344"}],"curies":[{"name":"wp","href":"https:\/\/api.w.org\/{rel}","templated":true}]}}