{"id":15345,"date":"2016-08-24T14:45:24","date_gmt":"2016-08-24T19:45:24","guid":{"rendered":"http:\/\/www.revistazetta.com\/?p=15345"},"modified":"2016-08-24T14:45:24","modified_gmt":"2016-08-24T19:45:24","slug":"convocatoria-incentivos-bolivar-avanza-pensando-tic","status":"publish","type":"post","link":"https:\/\/revistazetta.com\/?p=15345","title":{"rendered":"convocatoria de incentivos \u201cBol\u00edvar S\u00ed Avanza Pensando en TIC\u201d"},"content":{"rendered":"<p>13 experiencias significativas de aula \u00a0que promueven, fortalecen e incentivan el uso sano de las herramientas tecnol\u00f3gicas al interior del aula de clases, se inscribieron en la primera convocatoria de incentivos \u201cBol\u00edvar S\u00ed Avanza Pensando en TIC\u201d, liderada por la Secretar\u00eda de Educaci\u00f3n departamental, a trav\u00e9s de la Unidad de Tecnolog\u00edas e Inform\u00e1tica.<\/p>\n<p>La idea es convocar a los rectores, docentes, padres de familia y\u00a0\u00a0 estudiantes del departamento en los grados\u00a0 de educaci\u00f3n preescolar, b\u00e1sica y media, a que participen con experiencias significativas o pr\u00e1ctica permanente con uso pedag\u00f3gico de TIC, implementadas en las aulas de clases que contribuyan al mejoramiento de la calidad educativa.<\/p>\n<p>Edgardo Ahumada Mu\u00f1oz, coordinador de la Unidad de Tecnolog\u00edas e Inform\u00e1tica de la Secretar\u00eda de Educaci\u00f3n, asegur\u00f3 que ser\u00e1n muy estrictos a la hora de seleccionar a las mejores experiencias que promuevan el desarrollo permanente con uso pedag\u00f3gico en TIC y que apunten a la construcci\u00f3n de una cultura que fundamente la investigaci\u00f3n y generaci\u00f3n de conocimiento y adem\u00e1s que contribuya al mejoramiento de la calidad educativa.<\/p>\n<p><img loading=\"lazy\" decoding=\"async\" class=\"alignright size-medium wp-image-15348\" src=\"https:\/\/www.revistazetta.com\/wp-content\/uploads\/2016\/08\/CTIC3-300x187.jpg\" alt=\"CTIC3\" width=\"300\" height=\"187\" srcset=\"https:\/\/revistazetta.com\/wp-content\/uploads\/2016\/08\/CTIC3-300x187.jpg 300w, https:\/\/revistazetta.com\/wp-content\/uploads\/2016\/08\/CTIC3-234x146.jpg 234w, https:\/\/revistazetta.com\/wp-content\/uploads\/2016\/08\/CTIC3-50x31.jpg 50w, https:\/\/revistazetta.com\/wp-content\/uploads\/2016\/08\/CTIC3-120x75.jpg 120w, https:\/\/revistazetta.com\/wp-content\/uploads\/2016\/08\/CTIC3.jpg 570w\" sizes=\"auto, (max-width: 300px) 100vw, 300px\" \/> <img loading=\"lazy\" decoding=\"async\" class=\"alignright size-medium wp-image-15347\" src=\"https:\/\/www.revistazetta.com\/wp-content\/uploads\/2016\/08\/CTIC1-300x187.jpg\" alt=\"CTIC1\" width=\"300\" height=\"187\" srcset=\"https:\/\/revistazetta.com\/wp-content\/uploads\/2016\/08\/CTIC1-300x187.jpg 300w, https:\/\/revistazetta.com\/wp-content\/uploads\/2016\/08\/CTIC1-234x146.jpg 234w, https:\/\/revistazetta.com\/wp-content\/uploads\/2016\/08\/CTIC1-50x31.jpg 50w, https:\/\/revistazetta.com\/wp-content\/uploads\/2016\/08\/CTIC1-120x75.jpg 120w, https:\/\/revistazetta.com\/wp-content\/uploads\/2016\/08\/CTIC1.jpg 570w\" sizes=\"auto, (max-width: 300px) 100vw, 300px\" \/><\/p>\n<p>Manuel Antonio Azuero Angulo, secretario de Educaci\u00f3n de Bol\u00edvar, dijo que la administraci\u00f3n del gobernador Dumek Turbay Paz le apuesta a la gran revoluci\u00f3n educativa\u00a0 y propone\u00a0 a trav\u00e9s de las nuevas tecnolog\u00edas transformar el sistema educativo colombiano en cuanto a magnitud y pertinencia mediante estrategias que ampl\u00eden la cobertura con criterios de equidad, mejoren la calidad del sistema educativo y aumenten la eficiencia y productividad de cada rinc\u00f3n del departamento.<\/p>\n<p>\u201cEl uso de las Nuevas Tecnolog\u00edas de Informaci\u00f3n y Comunicaciones en la educaci\u00f3n es un pasaporte para acceder y hacer posible la sociedad del conocimiento en un mundo globalmente conectado\u201d, indic\u00f3 Azuero Angulo.<\/p>\n<p>&nbsp;<\/p>\n<p><strong><u>Instituciones Inscritas<\/u><\/strong><\/p>\n<p>Las instituciones educativas de Palenquito, T\u00e9cnica An\u00edbal Noguera Mendoza,\u00a0T\u00e9cnica\u00a0Agropecuaria Benkos Bioh\u00f3, Manuel Edmundo Mendoza,\u00a0T\u00e9cnica Acu\u00edcola de San Crist\u00f3bal, P\u00edo XII, Margarita, T\u00e9cnica Agropecuaria Alfredo Nobel, T\u00e9cnica acu\u00edcola Nuestra Se\u00f1ora de Montecarlo, Puerto Rico y Chilloa, se postularon en la primera convocatoria organizada por la administraci\u00f3n seccional.<\/p>\n<p>La convocatoria beneficiar\u00e1 en total a 5 experiencias significativas con uso pedag\u00f3gico de TIC y se realizar\u00e1 reconocimiento p\u00fablico por su esfuerzo en materia de mejoramiento de la calidad educativa.<\/p>\n","protected":false},"excerpt":{"rendered":"<p>13 experiencias significativas de aula \u00a0que promueven, fortalecen e incentivan el uso sano de las herramientas tecnol\u00f3gicas al interior del aula de clases, se inscribieron en la primera convocatoria de incentivos \u201cBol\u00edvar S\u00ed Avanza Pensando en TIC\u201d, liderada por la Secretar\u00eda de Educaci\u00f3n departamental, a trav\u00e9s de la Unidad de Tecnolog\u00edas e Inform\u00e1tica. La idea es convocar a los rectores, docentes, padres de familia y\u00a0\u00a0 estudiantes del departamento en los grados\u00a0 de educaci\u00f3n preescolar, b\u00e1sica y media, a que participen con experiencias significativas o pr\u00e1ctica permanente con uso pedag\u00f3gico de&#8230; <\/p>\n","protected":false},"author":3,"featured_media":15346,"comment_status":"open","ping_status":"closed","sticky":false,"template":"","format":"standard","meta":{"footnotes":"","_links_to":"","_links_to_target":""},"categories":[33,75],"tags":[],"class_list":["post-15345","post","type-post","status-publish","format-standard","has-post-thumbnail","hentry","category-actualidad-bolivar","category-destacada"],"_links":{"self":[{"href":"https:\/\/revistazetta.com\/index.php?rest_route=\/wp\/v2\/posts\/15345","targetHints":{"allow":["GET"]}}],"collection":[{"href":"https:\/\/revistazetta.com\/index.php?rest_route=\/wp\/v2\/posts"}],"about":[{"href":"https:\/\/revistazetta.com\/index.php?rest_route=\/wp\/v2\/types\/post"}],"author":[{"embeddable":true,"href":"https:\/\/revistazetta.com\/index.php?rest_route=\/wp\/v2\/users\/3"}],"replies":[{"embeddable":true,"href":"https:\/\/revistazetta.com\/index.php?rest_route=%2Fwp%2Fv2%2Fcomments&post=15345"}],"version-history":[{"count":0,"href":"https:\/\/revistazetta.com\/index.php?rest_route=\/wp\/v2\/posts\/15345\/revisions"}],"wp:featuredmedia":[{"embeddable":true,"href":"https:\/\/revistazetta.com\/index.php?rest_route=\/wp\/v2\/media\/15346"}],"wp:attachment":[{"href":"https:\/\/revistazetta.com\/index.php?rest_route=%2Fwp%2Fv2%2Fmedia&parent=15345"}],"wp:term":[{"taxonomy":"category","embeddable":true,"href":"https:\/\/revistazetta.com\/index.php?rest_route=%2Fwp%2Fv2%2Fcategories&post=15345"},{"taxonomy":"post_tag","embeddable":true,"href":"https:\/\/revistazetta.com\/index.php?rest_route=%2Fwp%2Fv2%2Ftags&post=15345"}],"curies":[{"name":"wp","href":"https:\/\/api.w.org\/{rel}","templated":true}]}}