{"id":15349,"date":"2016-08-24T15:35:58","date_gmt":"2016-08-24T20:35:58","guid":{"rendered":"http:\/\/www.revistazetta.com\/?p=15349"},"modified":"2016-08-24T15:35:58","modified_gmt":"2016-08-24T20:35:58","slug":"convenio-4280-millones-terminar-via-cascajal-chaparral","status":"publish","type":"post","link":"https:\/\/revistazetta.com\/?p=15349","title":{"rendered":"Convenio por de $4,280 millones para terminar v\u00eda Cascajal \u2013 Chaparral"},"content":{"rendered":"<p>A trav\u00e9s de un importante convenio por valor de $4,280 millones, el gobernador de Bol\u00edvar, Dumek Turbay Paz, y el acalde de Magangu\u00e9, Pedro Al\u00ed Al\u00ed, aseguran la terminaci\u00f3n de la obra del segundo tramo de la v\u00eda Cascajal \u2013 Chaparral, que comprende una extensi\u00f3n de 3 kil\u00f3metros.<\/p>\n<p>En la sede de la Gobernaci\u00f3n de Bol\u00edvar, los dos mandatarios acordaron la ejecuci\u00f3n del tramo 2 de esta v\u00eda para el desarrollo de la zona. El consejo municipal de Magangu\u00e9 desde el d\u00eda de ma\u00f1ana va a registrar el proyecto de acuerdo para la incorporaci\u00f3n de recursos para que en 25 d\u00edas se abra la licitaci\u00f3n.<\/p>\n<p><img loading=\"lazy\" decoding=\"async\" class=\"alignright size-medium wp-image-15351\" src=\"https:\/\/www.revistazetta.com\/wp-content\/uploads\/2016\/08\/CVCC2-300x187.jpg\" alt=\"CVCC2\" width=\"300\" height=\"187\" srcset=\"https:\/\/revistazetta.com\/wp-content\/uploads\/2016\/08\/CVCC2-300x187.jpg 300w, https:\/\/revistazetta.com\/wp-content\/uploads\/2016\/08\/CVCC2-234x146.jpg 234w, https:\/\/revistazetta.com\/wp-content\/uploads\/2016\/08\/CVCC2-50x31.jpg 50w, https:\/\/revistazetta.com\/wp-content\/uploads\/2016\/08\/CVCC2-120x75.jpg 120w, https:\/\/revistazetta.com\/wp-content\/uploads\/2016\/08\/CVCC2.jpg 570w\" sizes=\"auto, (max-width: 300px) 100vw, 300px\" \/> <img loading=\"lazy\" decoding=\"async\" class=\"alignright size-medium wp-image-15350\" src=\"https:\/\/www.revistazetta.com\/wp-content\/uploads\/2016\/08\/CVCC1-300x187.jpg\" alt=\"CVCC1\" width=\"300\" height=\"187\" srcset=\"https:\/\/revistazetta.com\/wp-content\/uploads\/2016\/08\/CVCC1-300x187.jpg 300w, https:\/\/revistazetta.com\/wp-content\/uploads\/2016\/08\/CVCC1-234x146.jpg 234w, https:\/\/revistazetta.com\/wp-content\/uploads\/2016\/08\/CVCC1-50x31.jpg 50w, https:\/\/revistazetta.com\/wp-content\/uploads\/2016\/08\/CVCC1-120x75.jpg 120w, https:\/\/revistazetta.com\/wp-content\/uploads\/2016\/08\/CVCC1.jpg 570w\" sizes=\"auto, (max-width: 300px) 100vw, 300px\" \/><\/p>\n<p>\u201cUna gran noticia para los habitantes de Cascajal y el municipio de Magangu\u00e9, dado que esta v\u00eda va a estar totalmente terminada. Esto le va a dar a la Pascuala, Betania y El Ceibal la oportunidad de tener un acceso como se lo merecen\u201d, expres\u00f3 el gobernador Dumek Turbay.<\/p>\n<p>Por su parte, el alcalde de Magangu\u00e9 tambi\u00e9n se refiri\u00f3 a esta oportunidad de desarrollo de la que se va a beneficiada toda la comunidad: \u201cCascajal es un corregimiento con una extensi\u00f3n superior al 50% de los dem\u00e1s municipios del departamento de Bol\u00edvar y cuenta con una poblaci\u00f3n aproximada a los 30 mil habitantes. Con esta obra hacemos que este corregimiento sea m\u00e1s competitivo\u00a0 porque permitimos la conectividad de todos los municipios aleda\u00f1os\u201d.<\/p>\n<p>.\u201cCon esta obra se va a rehabilitar el segundo tramo de esta importante v\u00eda Cascajal \u2013 Chaparral y es un proyecto muy importante porque terminamos una v\u00eda que ya se inici\u00f3 y como gobierno no dejamos obras inconclusas. Todo el\u00a0 sector de estos municipios se va a ver beneficiados por esta v\u00eda\u201d, afirm\u00f3 Hortensia Borge, Secretaria de Infraestructura del departamento de Bol\u00edvar.<\/p>\n","protected":false},"excerpt":{"rendered":"<p>A trav\u00e9s de un importante convenio por valor de $4,280 millones, el gobernador de Bol\u00edvar, Dumek Turbay Paz, y el acalde de Magangu\u00e9, Pedro Al\u00ed Al\u00ed, aseguran la terminaci\u00f3n de la obra del segundo tramo de la v\u00eda Cascajal \u2013 Chaparral, que comprende una extensi\u00f3n de 3 kil\u00f3metros. En la sede de la Gobernaci\u00f3n de Bol\u00edvar, los dos mandatarios acordaron la ejecuci\u00f3n del tramo 2 de esta v\u00eda para el desarrollo de la zona. El consejo municipal de Magangu\u00e9 desde el d\u00eda de ma\u00f1ana va a registrar el proyecto de&#8230; <\/p>\n","protected":false},"author":3,"featured_media":15352,"comment_status":"open","ping_status":"closed","sticky":false,"template":"","format":"standard","meta":{"footnotes":"","_links_to":"","_links_to_target":""},"categories":[75,33,83],"tags":[],"class_list":["post-15349","post","type-post","status-publish","format-standard","has-post-thumbnail","hentry","category-destacada","category-actualidad-bolivar","category-municipios"],"_links":{"self":[{"href":"https:\/\/revistazetta.com\/index.php?rest_route=\/wp\/v2\/posts\/15349","targetHints":{"allow":["GET"]}}],"collection":[{"href":"https:\/\/revistazetta.com\/index.php?rest_route=\/wp\/v2\/posts"}],"about":[{"href":"https:\/\/revistazetta.com\/index.php?rest_route=\/wp\/v2\/types\/post"}],"author":[{"embeddable":true,"href":"https:\/\/revistazetta.com\/index.php?rest_route=\/wp\/v2\/users\/3"}],"replies":[{"embeddable":true,"href":"https:\/\/revistazetta.com\/index.php?rest_route=%2Fwp%2Fv2%2Fcomments&post=15349"}],"version-history":[{"count":0,"href":"https:\/\/revistazetta.com\/index.php?rest_route=\/wp\/v2\/posts\/15349\/revisions"}],"wp:featuredmedia":[{"embeddable":true,"href":"https:\/\/revistazetta.com\/index.php?rest_route=\/wp\/v2\/media\/15352"}],"wp:attachment":[{"href":"https:\/\/revistazetta.com\/index.php?rest_route=%2Fwp%2Fv2%2Fmedia&parent=15349"}],"wp:term":[{"taxonomy":"category","embeddable":true,"href":"https:\/\/revistazetta.com\/index.php?rest_route=%2Fwp%2Fv2%2Fcategories&post=15349"},{"taxonomy":"post_tag","embeddable":true,"href":"https:\/\/revistazetta.com\/index.php?rest_route=%2Fwp%2Fv2%2Ftags&post=15349"}],"curies":[{"name":"wp","href":"https:\/\/api.w.org\/{rel}","templated":true}]}}