{"id":15362,"date":"2016-08-24T17:05:43","date_gmt":"2016-08-24T22:05:43","guid":{"rendered":"http:\/\/www.revistazetta.com\/?p=15362"},"modified":"2016-08-24T17:05:43","modified_gmt":"2016-08-24T22:05:43","slug":"distrito-policia-dan-duro-golpe-al-microtrafico","status":"publish","type":"post","link":"https:\/\/revistazetta.com\/?p=15362","title":{"rendered":"Distrito y Polic\u00eda dan duro golpe al microtr\u00e1fico"},"content":{"rendered":"<p>Durante la operaci\u00f3n denominada por las autoridades \u201cLos del Norte\u201d fueron capturadas 28 personas que presuntamente pertenecen a una banda dedicada al porte, fabricaci\u00f3n y tr\u00e1fico de estupefacientes. De igual manera fue apresado un menor de edad y se logr\u00f3 la incautaci\u00f3n de 2.600 dosis de droga.<\/p>\n<p>\u201cEste es un golpe importante y hay que decirlo donde gracias a la labor de inteligencia de nuestras autoridades hemos podido capturar a estas personas y ponerlas a disposici\u00f3n de la Fiscal\u00eda. Ya tenemos detectado el modo de operaci\u00f3n y los estamos atacando\u201d, asegur\u00f3 el alcalde Manolo Duque.<\/p>\n<p>El mandatario tambi\u00e9n explic\u00f3 que estos operativos no solo se estar\u00e1n realizando en la zona tur\u00edstica sino en diferentes barrios de la ciudad donde ya se tiene determinado que se cometen actividades il\u00edcitas como el microtr\u00e1fico y la prostituci\u00f3n infantil.<\/p>\n<p>La operaci\u00f3n<\/p>\n<p>El general Carlos Rodr\u00edguez, comandante de la Polic\u00eda Metropolitana, explic\u00f3 que la operaci\u00f3n fue desplegada en las playas de Bocagrande, Plaza de Los Coches, Torre del Reloj P\u00fablico y sectores priorizados del barrio El Laguito.<\/p>\n<p>\u201cFueron tres meses que se tomaron los investigadores infiltrados y finalmente logramos dar con estas personas, adem\u00e1s tenemos otras seis individualizadas y estamos a la espera de las \u00f3rdenes de captura. Detectamos que eran expendedores ambulantes y no\u00a0 expendios fijos\u201d, dijo el General.<\/p>\n<p>En los pr\u00f3ximos d\u00edas la Alcald\u00eda Mayor expedir\u00e1 un decreto que proh\u00edbe la venta y consumo de licor en la Plaza de Los Coches y El Camell\u00f3n de Los M\u00e1rtires. Adem\u00e1s continuar\u00e1n los operativos de<\/p>\n","protected":false},"excerpt":{"rendered":"<p>Durante la operaci\u00f3n denominada por las autoridades \u201cLos del Norte\u201d fueron capturadas 28 personas que presuntamente pertenecen a una banda dedicada al porte, fabricaci\u00f3n y tr\u00e1fico de estupefacientes. De igual manera fue apresado un menor de edad y se logr\u00f3 la incautaci\u00f3n de 2.600 dosis de droga. \u201cEste es un golpe importante y hay que decirlo donde gracias a la labor de inteligencia de nuestras autoridades hemos podido capturar a estas personas y ponerlas a disposici\u00f3n de la Fiscal\u00eda. Ya tenemos detectado el modo de operaci\u00f3n y los estamos atacando\u201d,&#8230; <\/p>\n","protected":false},"author":3,"featured_media":15363,"comment_status":"open","ping_status":"closed","sticky":false,"template":"","format":"standard","meta":{"footnotes":"","_links_to":"","_links_to_target":""},"categories":[32,85],"tags":[],"class_list":["post-15362","post","type-post","status-publish","format-standard","has-post-thumbnail","hentry","category-actualidad-distrito","category-cartagena"],"_links":{"self":[{"href":"https:\/\/revistazetta.com\/index.php?rest_route=\/wp\/v2\/posts\/15362","targetHints":{"allow":["GET"]}}],"collection":[{"href":"https:\/\/revistazetta.com\/index.php?rest_route=\/wp\/v2\/posts"}],"about":[{"href":"https:\/\/revistazetta.com\/index.php?rest_route=\/wp\/v2\/types\/post"}],"author":[{"embeddable":true,"href":"https:\/\/revistazetta.com\/index.php?rest_route=\/wp\/v2\/users\/3"}],"replies":[{"embeddable":true,"href":"https:\/\/revistazetta.com\/index.php?rest_route=%2Fwp%2Fv2%2Fcomments&post=15362"}],"version-history":[{"count":0,"href":"https:\/\/revistazetta.com\/index.php?rest_route=\/wp\/v2\/posts\/15362\/revisions"}],"wp:featuredmedia":[{"embeddable":true,"href":"https:\/\/revistazetta.com\/index.php?rest_route=\/wp\/v2\/media\/15363"}],"wp:attachment":[{"href":"https:\/\/revistazetta.com\/index.php?rest_route=%2Fwp%2Fv2%2Fmedia&parent=15362"}],"wp:term":[{"taxonomy":"category","embeddable":true,"href":"https:\/\/revistazetta.com\/index.php?rest_route=%2Fwp%2Fv2%2Fcategories&post=15362"},{"taxonomy":"post_tag","embeddable":true,"href":"https:\/\/revistazetta.com\/index.php?rest_route=%2Fwp%2Fv2%2Ftags&post=15362"}],"curies":[{"name":"wp","href":"https:\/\/api.w.org\/{rel}","templated":true}]}}