{"id":15365,"date":"2016-08-25T06:50:54","date_gmt":"2016-08-25T11:50:54","guid":{"rendered":"http:\/\/www.revistazetta.com\/?p=15365"},"modified":"2016-08-25T06:50:54","modified_gmt":"2016-08-25T11:50:54","slug":"ricaurte-bossio-afinan-notas-presidir-asamblea","status":"publish","type":"post","link":"https:\/\/revistazetta.com\/?p=15365","title":{"rendered":"Ricaurte y Bossio afinan notas para presidir Asamblea"},"content":{"rendered":"<p><strong>Por John Zamora (Director Revista Zetta).-<\/strong> Al concluir las pasadas sesiones ordinarias en la Asamblea Departamental, se supone que los diputados volver\u00edan a verse en las de octubre o, de modo excepcional, si antes se llegase a convocar a extras. Pero no. Las \u201csesiones\u201d han seguido.<\/p>\n<p>Pero no son sesiones para estudiar los proyectos de ordenanza que proponga el Ejecutivo, sino para un proyecto pol\u00edtico que tiene nombre propio: la Presidencia de la Duma.<\/p>\n<p>Dos nombres son los que han surgido y que se han ido ambientando, para darle cuerpo a una coalici\u00f3n con los n\u00fameros suficientes para imponerse en las ordinarias de octubre, cuando te\u00f3ricamente se debe elegir la Mesa Directiva 2017.<\/p>\n<p>Ambos son nuevos en la Asamblea pero provienen de sectores con mucha historia. Por una parte el liberal Jos\u00e9 Hilario Bossio, ex alcalde de Arjona, ex Secretario del Interior de Bol\u00edvar y quien es asociado con el ex senador William Montes, quien no tiene curul pero si rango pol\u00edtico de congresista.<\/p>\n<p>Por otro est\u00e1 Frank Ricaurte, partido de la U, heredero de la curul que por m\u00e1s de 30 a\u00f1os tuvo su padre Andr\u00e9s Ricaurte Armesto.<\/p>\n<p>Bossio puede argumentar que fue incondicional en la campa\u00f1a que eligi\u00f3 a Dumek Turbay como gobernador, en tanto que Ricaurte estuvo en la otra orilla acompa\u00f1ando a Yolanda Wong. No obstante, la campa\u00f1a qued\u00f3 atr\u00e1s en octubre pasado, y Ricaurte puede mostrar su liderazgo como presidente de la Comisi\u00f3n del Plan, donde precisamente se impuls\u00f3 el plan de desarrollo \u201cBol\u00edvar Si Avanza\u201d.<\/p>\n<p>De momento no hay una ventaja clara, pero se anticipa que el empate no perdurar\u00e1 mucho tiempo.<\/p>\n<p>Con Bossio estar\u00edan los diputados Andr\u00e9s Montes, Libardo Antonio Simancas, Jorge Redondo y Ver\u00f3nica Payares. Con Ricaurte estar\u00edan Ignacio Becerra, V\u00edctor Mendoza, Miguel Cu\u00e9ter, Manuel Berr\u00edo y Carlos Fern\u00e1ndez. Faltar\u00edan Elkin Benavides y Mario del Castillo, que han tenido acercamientos y est\u00e1n bastante cerca de una decisi\u00f3n, y Jorge Rodr\u00edguez Sosa, quien no se encuentra en Cartagena y todav\u00eda no ha recibido \u201ccarta de invitaci\u00f3n\u201d de los candidatos.<\/p>\n<p>En el proceso no ha intervenido el gobierno del Bol\u00edvar Si Avanza, y el gobernador ha dado pruebas de no meterse para nada en las din\u00e1micas internas de la Asamblea.<\/p>\n<p>Ambos candidatos se han mostrado afines a la armon\u00eda entre Ejecutivo-Duma, y la relaci\u00f3n con el gobierno seguir\u00e1 en ese tono cooperativo, por lo que est\u00e1 en juego es un mero pulso de liderazgo interno.<\/p>\n<p>Desde luego, hay cartas todav\u00eda por jugar como las Vicepresidencias y la Secretar\u00eda General, que contribuir\u00edan a inclinar la balanza.<\/p>\n<p>Tiempo todav\u00eda hay para conformar esa mayor\u00eda necesaria, y lo que si parece descartado es una tercer\u00eda, en caso de que ninguno de los dos candidatos \u201ccuaje\u201d. Pues ambos est\u00e1n afinando sus notas para presidir la Asamblea.<\/p>\n<p>&nbsp;<\/p>\n","protected":false},"excerpt":{"rendered":"<p>Por John Zamora (Director Revista Zetta).- Al concluir las pasadas sesiones ordinarias en la Asamblea Departamental, se supone que los diputados volver\u00edan a verse en las de octubre o, de modo excepcional, si antes se llegase a convocar a extras. Pero no. Las \u201csesiones\u201d han seguido. Pero no son sesiones para estudiar los proyectos de ordenanza que proponga el Ejecutivo, sino para un proyecto pol\u00edtico que tiene nombre propio: la Presidencia de la Duma. Dos nombres son los que han surgido y que se han ido ambientando, para darle cuerpo&#8230; <\/p>\n","protected":false},"author":3,"featured_media":15366,"comment_status":"open","ping_status":"closed","sticky":false,"template":"","format":"standard","meta":{"footnotes":"","_links_to":"","_links_to_target":""},"categories":[75,28,4],"tags":[],"class_list":["post-15365","post","type-post","status-publish","format-standard","has-post-thumbnail","hentry","category-destacada","category-politica-asamblea","category-politica"],"_links":{"self":[{"href":"https:\/\/revistazetta.com\/index.php?rest_route=\/wp\/v2\/posts\/15365","targetHints":{"allow":["GET"]}}],"collection":[{"href":"https:\/\/revistazetta.com\/index.php?rest_route=\/wp\/v2\/posts"}],"about":[{"href":"https:\/\/revistazetta.com\/index.php?rest_route=\/wp\/v2\/types\/post"}],"author":[{"embeddable":true,"href":"https:\/\/revistazetta.com\/index.php?rest_route=\/wp\/v2\/users\/3"}],"replies":[{"embeddable":true,"href":"https:\/\/revistazetta.com\/index.php?rest_route=%2Fwp%2Fv2%2Fcomments&post=15365"}],"version-history":[{"count":0,"href":"https:\/\/revistazetta.com\/index.php?rest_route=\/wp\/v2\/posts\/15365\/revisions"}],"wp:featuredmedia":[{"embeddable":true,"href":"https:\/\/revistazetta.com\/index.php?rest_route=\/wp\/v2\/media\/15366"}],"wp:attachment":[{"href":"https:\/\/revistazetta.com\/index.php?rest_route=%2Fwp%2Fv2%2Fmedia&parent=15365"}],"wp:term":[{"taxonomy":"category","embeddable":true,"href":"https:\/\/revistazetta.com\/index.php?rest_route=%2Fwp%2Fv2%2Fcategories&post=15365"},{"taxonomy":"post_tag","embeddable":true,"href":"https:\/\/revistazetta.com\/index.php?rest_route=%2Fwp%2Fv2%2Ftags&post=15365"}],"curies":[{"name":"wp","href":"https:\/\/api.w.org\/{rel}","templated":true}]}}