{"id":15368,"date":"2016-08-25T10:48:45","date_gmt":"2016-08-25T15:48:45","guid":{"rendered":"http:\/\/www.revistazetta.com\/?p=15368"},"modified":"2016-08-25T10:49:49","modified_gmt":"2016-08-25T15:49:49","slug":"acciones-impulsar-empoderamiento-las-mujeres-cartagena","status":"publish","type":"post","link":"https:\/\/revistazetta.com\/?p=15368","title":{"rendered":"Acciones para impulsar el empoderamiento de las mujeres en Cartagena"},"content":{"rendered":"<p>La Secretar\u00eda de Participaci\u00f3n y Desarrollo Social en consecuencia con el Acuerdo de Voluntades firmado a trav\u00e9s de la Oficina de Asuntos para la Mujer y la Fundaci\u00f3n Mario Santo Domingo, llegar\u00e1 los barrios Ciudad Bicentenario y Villas de Aranjuez\u00a0 para brindar capacitaci\u00f3n a la poblaci\u00f3n sobre la autonom\u00eda econ\u00f3mica, la atenci\u00f3n y prevenci\u00f3n de casos de violencia intrafamiliar contra la mujer.<\/p>\n<p>As\u00ed mismo se desarrollar\u00e1 el taller \u201cEscuelas libres de Sexismo\u201d, cuyo objetivo es evitar el uso de lenguaje sexista, como estrategia para prevenir la violencia contra las ni\u00f1as y mujeres. Este es otro programa de la Secretar\u00eda de Participaci\u00f3n y Desarrollo Social que se brindar\u00e1 a los estudiantes de grado sexto y docentes de las escuelas y colegios de Bicentenario y Villas de Aranjuez y as\u00ed concientizar a la comunidad educativa sobre respeto a la mujer.<\/p>\n<p>Por medio del programa \u2018Primero T\u00fa, Mujer\u2019, liderado por la esa dependencia distrital, se busca que las mujeres se capaciten y cualifiquen para crear una idea de negocio y lograr una autonom\u00eda econ\u00f3mica.<\/p>\n<p>Abogados y psic\u00f3logos de la Secretar\u00eda de Participaci\u00f3n, se trasladar\u00e1n una vez a la semana, a la sede del Programa de Emergencia Social Pedro Romero (PES-PR) en el Bicentenario, donde brindar\u00e1n asesor\u00eda legal y sicol\u00f3gica a las mujeres y sus hijos v\u00edctimas de violencia y maltrato.<\/p>\n","protected":false},"excerpt":{"rendered":"<p>La Secretar\u00eda de Participaci\u00f3n y Desarrollo Social en consecuencia con el Acuerdo de Voluntades firmado a trav\u00e9s de la Oficina de Asuntos para la Mujer y la Fundaci\u00f3n Mario Santo Domingo, llegar\u00e1 los barrios Ciudad Bicentenario y Villas de Aranjuez\u00a0 para brindar capacitaci\u00f3n a la poblaci\u00f3n sobre la autonom\u00eda econ\u00f3mica, la atenci\u00f3n y prevenci\u00f3n de casos de violencia intrafamiliar contra la mujer. As\u00ed mismo se desarrollar\u00e1 el taller \u201cEscuelas libres de Sexismo\u201d, cuyo objetivo es evitar el uso de lenguaje sexista, como estrategia para prevenir la violencia contra las ni\u00f1as&#8230; <\/p>\n","protected":false},"author":3,"featured_media":15369,"comment_status":"open","ping_status":"closed","sticky":false,"template":"","format":"standard","meta":{"footnotes":"","_links_to":"","_links_to_target":""},"categories":[32,85],"tags":[],"class_list":["post-15368","post","type-post","status-publish","format-standard","has-post-thumbnail","hentry","category-actualidad-distrito","category-cartagena"],"_links":{"self":[{"href":"https:\/\/revistazetta.com\/index.php?rest_route=\/wp\/v2\/posts\/15368","targetHints":{"allow":["GET"]}}],"collection":[{"href":"https:\/\/revistazetta.com\/index.php?rest_route=\/wp\/v2\/posts"}],"about":[{"href":"https:\/\/revistazetta.com\/index.php?rest_route=\/wp\/v2\/types\/post"}],"author":[{"embeddable":true,"href":"https:\/\/revistazetta.com\/index.php?rest_route=\/wp\/v2\/users\/3"}],"replies":[{"embeddable":true,"href":"https:\/\/revistazetta.com\/index.php?rest_route=%2Fwp%2Fv2%2Fcomments&post=15368"}],"version-history":[{"count":0,"href":"https:\/\/revistazetta.com\/index.php?rest_route=\/wp\/v2\/posts\/15368\/revisions"}],"wp:featuredmedia":[{"embeddable":true,"href":"https:\/\/revistazetta.com\/index.php?rest_route=\/wp\/v2\/media\/15369"}],"wp:attachment":[{"href":"https:\/\/revistazetta.com\/index.php?rest_route=%2Fwp%2Fv2%2Fmedia&parent=15368"}],"wp:term":[{"taxonomy":"category","embeddable":true,"href":"https:\/\/revistazetta.com\/index.php?rest_route=%2Fwp%2Fv2%2Fcategories&post=15368"},{"taxonomy":"post_tag","embeddable":true,"href":"https:\/\/revistazetta.com\/index.php?rest_route=%2Fwp%2Fv2%2Ftags&post=15368"}],"curies":[{"name":"wp","href":"https:\/\/api.w.org\/{rel}","templated":true}]}}