{"id":15370,"date":"2016-08-25T12:00:54","date_gmt":"2016-08-25T17:00:54","guid":{"rendered":"http:\/\/www.revistazetta.com\/?p=15370"},"modified":"2016-08-25T12:00:54","modified_gmt":"2016-08-25T17:00:54","slug":"tercera-version-mesa-infancia-adolescencia-fortalecimiento-familiar","status":"publish","type":"post","link":"https:\/\/revistazetta.com\/?p=15370","title":{"rendered":"Tercera versi\u00f3n de Mesa de Infancia, adolescencia y fortalecimiento familiar"},"content":{"rendered":"<p>Una vez m\u00e1s se reuni\u00f3 la mesa interinstitucional de infancia, adolescencia y fortalecimiento familiar, en busca de dise\u00f1ar acciones en favor de la ni\u00f1ez en la ciudad.<\/p>\n<p>Desde el a\u00f1o 2007 la Secretar\u00eda de Participaci\u00f3n y Desarrollo Social de la Alcald\u00eda Mayor, a trav\u00e9s de su Unidad de Infancia Juventud y Familia, encabeza esta instancia, en la cual tambi\u00e9n participan la Secretar\u00eda de Planeaci\u00f3n, el ICBF, la Fundaci\u00f3n Plan, Actuar por Bol\u00edvar, el Dadis, y otras entidades.<\/p>\n<p>En esta tercera versi\u00f3n de la mesa para el 2016, se tocaron temas fundamentales sobre la pol\u00edtica p\u00fablica de ni\u00f1ez, infancia y adolescencia, tales como \u201cVoces Escuchadas, Voces que Deciden\u201d, encaminadas a la construcci\u00f3n de un plan de acci\u00f3n en armonizaci\u00f3n con el Plan de Desarrollo Primero la Gente.<\/p>\n<p>El objetivo de la mesa consiste en promover y garantizar el cumplimiento de las metas establecidas por la ley como son los 17 objetivos de desarrollo del milenio, los 186 indicadores de la Procuradur\u00eda, la ley 1804 de 2016 \u2018ley de 0 a Siempre\u2019, al igual que el c\u00f3digo de infancia<\/p>\n","protected":false},"excerpt":{"rendered":"<p>Una vez m\u00e1s se reuni\u00f3 la mesa interinstitucional de infancia, adolescencia y fortalecimiento familiar, en busca de dise\u00f1ar acciones en favor de la ni\u00f1ez en la ciudad. Desde el a\u00f1o 2007 la Secretar\u00eda de Participaci\u00f3n y Desarrollo Social de la Alcald\u00eda Mayor, a trav\u00e9s de su Unidad de Infancia Juventud y Familia, encabeza esta instancia, en la cual tambi\u00e9n participan la Secretar\u00eda de Planeaci\u00f3n, el ICBF, la Fundaci\u00f3n Plan, Actuar por Bol\u00edvar, el Dadis, y otras entidades. En esta tercera versi\u00f3n de la mesa para el 2016, se tocaron temas&#8230; <\/p>\n","protected":false},"author":3,"featured_media":0,"comment_status":"open","ping_status":"closed","sticky":false,"template":"","format":"standard","meta":{"footnotes":"","_links_to":"","_links_to_target":""},"categories":[32],"tags":[],"class_list":["post-15370","post","type-post","status-publish","format-standard","hentry","category-actualidad-distrito"],"_links":{"self":[{"href":"https:\/\/revistazetta.com\/index.php?rest_route=\/wp\/v2\/posts\/15370","targetHints":{"allow":["GET"]}}],"collection":[{"href":"https:\/\/revistazetta.com\/index.php?rest_route=\/wp\/v2\/posts"}],"about":[{"href":"https:\/\/revistazetta.com\/index.php?rest_route=\/wp\/v2\/types\/post"}],"author":[{"embeddable":true,"href":"https:\/\/revistazetta.com\/index.php?rest_route=\/wp\/v2\/users\/3"}],"replies":[{"embeddable":true,"href":"https:\/\/revistazetta.com\/index.php?rest_route=%2Fwp%2Fv2%2Fcomments&post=15370"}],"version-history":[{"count":0,"href":"https:\/\/revistazetta.com\/index.php?rest_route=\/wp\/v2\/posts\/15370\/revisions"}],"wp:attachment":[{"href":"https:\/\/revistazetta.com\/index.php?rest_route=%2Fwp%2Fv2%2Fmedia&parent=15370"}],"wp:term":[{"taxonomy":"category","embeddable":true,"href":"https:\/\/revistazetta.com\/index.php?rest_route=%2Fwp%2Fv2%2Fcategories&post=15370"},{"taxonomy":"post_tag","embeddable":true,"href":"https:\/\/revistazetta.com\/index.php?rest_route=%2Fwp%2Fv2%2Ftags&post=15370"}],"curies":[{"name":"wp","href":"https:\/\/api.w.org\/{rel}","templated":true}]}}