{"id":15372,"date":"2016-08-25T14:23:03","date_gmt":"2016-08-25T19:23:03","guid":{"rendered":"http:\/\/www.revistazetta.com\/?p=15372"},"modified":"2016-08-25T14:25:06","modified_gmt":"2016-08-25T19:25:06","slug":"comunidad-aledana-al-arroyo-matute-se-prepeara-evitar-futuras-inundaciones","status":"publish","type":"post","link":"https:\/\/revistazetta.com\/?p=15372","title":{"rendered":"Comunidad aleda\u00f1a al arroyo Matute se prepara para evitar futuras inundaciones"},"content":{"rendered":"<p>Los sectores aleda\u00f1os al arroyo Matute como Fredonia, Zarabanda, La Magdalena, Pantano de Vargas y Playa Blanca fueron los escogidos esta vez por el Distrito para\u00a0\u00a0 hacer la jornada de sensibilizaci\u00f3n a la comunidad sobre los riesgos de desastres y las medidas de prevenci\u00f3n para afrontar la segunda temporada invernal o posible fen\u00f3meno de La Ni\u00f1a.<\/p>\n<p>Con un recorrido puerta a puerta, el equipo de Valorizaci\u00f3n Distrital,\u00a0Cruz Roja,\u00a0Gesti\u00f3n del Riesgo, Alcald\u00eda Local,Defensa Civil,\u00a0Junta de Acci\u00f3n Comunal,\u00a0Secretar\u00eda\u00a0del Interior, Participaci\u00f3n, Ider, Dadis, Servicios P\u00fablicos,Infraestructura, Planeaci\u00f3n, EPA,\u00a0Control Urbano, Corvivienda y\u00a0Escuela de\u00a0Gobierno acompa\u00f1ados de miembros de la Junta de Acci\u00f3n Comunal presentaron su estrategia ante los habitantes para prevenir futuras inundaciones.<\/p>\n<p><img loading=\"lazy\" decoding=\"async\" class=\"alignright size-medium wp-image-15376\" src=\"https:\/\/www.revistazetta.com\/wp-content\/uploads\/2016\/08\/CTLL3-300x187.jpg\" alt=\"CTLL3\" width=\"300\" height=\"187\" srcset=\"https:\/\/revistazetta.com\/wp-content\/uploads\/2016\/08\/CTLL3-300x187.jpg 300w, https:\/\/revistazetta.com\/wp-content\/uploads\/2016\/08\/CTLL3-234x146.jpg 234w, https:\/\/revistazetta.com\/wp-content\/uploads\/2016\/08\/CTLL3-50x31.jpg 50w, https:\/\/revistazetta.com\/wp-content\/uploads\/2016\/08\/CTLL3-120x75.jpg 120w, https:\/\/revistazetta.com\/wp-content\/uploads\/2016\/08\/CTLL3.jpg 570w\" sizes=\"auto, (max-width: 300px) 100vw, 300px\" \/> <img loading=\"lazy\" decoding=\"async\" class=\"alignright size-medium wp-image-15374\" src=\"https:\/\/www.revistazetta.com\/wp-content\/uploads\/2016\/08\/CTLL-300x187.jpg\" alt=\"CTLL\" width=\"300\" height=\"187\" srcset=\"https:\/\/revistazetta.com\/wp-content\/uploads\/2016\/08\/CTLL-300x187.jpg 300w, https:\/\/revistazetta.com\/wp-content\/uploads\/2016\/08\/CTLL-234x146.jpg 234w, https:\/\/revistazetta.com\/wp-content\/uploads\/2016\/08\/CTLL-50x31.jpg 50w, https:\/\/revistazetta.com\/wp-content\/uploads\/2016\/08\/CTLL-120x75.jpg 120w, https:\/\/revistazetta.com\/wp-content\/uploads\/2016\/08\/CTLL.jpg 570w\" sizes=\"auto, (max-width: 300px) 100vw, 300px\" \/> <img loading=\"lazy\" decoding=\"async\" class=\"alignright size-medium wp-image-15375\" src=\"https:\/\/www.revistazetta.com\/wp-content\/uploads\/2016\/08\/CTLL2-300x187.jpg\" alt=\"CTLL2\" width=\"300\" height=\"187\" srcset=\"https:\/\/revistazetta.com\/wp-content\/uploads\/2016\/08\/CTLL2-300x187.jpg 300w, https:\/\/revistazetta.com\/wp-content\/uploads\/2016\/08\/CTLL2-234x146.jpg 234w, https:\/\/revistazetta.com\/wp-content\/uploads\/2016\/08\/CTLL2-50x31.jpg 50w, https:\/\/revistazetta.com\/wp-content\/uploads\/2016\/08\/CTLL2-120x75.jpg 120w, https:\/\/revistazetta.com\/wp-content\/uploads\/2016\/08\/CTLL2.jpg 570w\" sizes=\"auto, (max-width: 300px) 100vw, 300px\" \/><\/p>\n<p>El director de Valorizaci\u00f3n Distrital, Jorge Marim\u00f3n, atendi\u00f3 a la comunidad en la zona de puesto de informaci\u00f3n, presentando el proyecto \u2018H\u00e9roes de los Canales\u2019 y resaltando la oferta institucional que el gobierno de \u2018Primero La Gente\u2019 ha tra\u00eddo a la comunidad puerta a puerta.<\/p>\n<p>\u201cEstamos concientizando y sensibilizando a la comunidad de Fredonia, Zarabanda, La Magdalena, Pantano de Vargas, Playa Blanca, que son sectores de Olaya Herrera, sobre el cuidado del medio ambiente\u201d, expres\u00f3 Marim\u00f3n.<\/p>\n<p>Se\u00f1al\u00f3 que la idea es que la comunidad se abstenga de arrojar basuras o sedimentos al canal, porque de ello depende que no se den inundaciones, ya que se avecina la segunda temporada de lluvias de los meses de octubre y noviembre.<\/p>\n<p>\u201cOjal\u00e1 no sea la \u00faltima vez que se realicen estas actividades, porque realmente aqu\u00ed se requiere permanentemente estar con este sistema, a la comunidad le pido que por favor de que controlemos la tirada de la basura en los canales\u201d, dijo Cielo S\u00e1nchez, residente del sector.<\/p>\n","protected":false},"excerpt":{"rendered":"<p>Los sectores aleda\u00f1os al arroyo Matute como Fredonia, Zarabanda, La Magdalena, Pantano de Vargas y Playa Blanca fueron los escogidos esta vez por el Distrito para\u00a0\u00a0 hacer la jornada de sensibilizaci\u00f3n a la comunidad sobre los riesgos de desastres y las medidas de prevenci\u00f3n para afrontar la segunda temporada invernal o posible fen\u00f3meno de La Ni\u00f1a. Con un recorrido puerta a puerta, el equipo de Valorizaci\u00f3n Distrital,\u00a0Cruz Roja,\u00a0Gesti\u00f3n del Riesgo, Alcald\u00eda Local,Defensa Civil,\u00a0Junta de Acci\u00f3n Comunal,\u00a0Secretar\u00eda\u00a0del Interior, Participaci\u00f3n, Ider, Dadis, Servicios P\u00fablicos,Infraestructura, Planeaci\u00f3n, EPA,\u00a0Control Urbano, Corvivienda y\u00a0Escuela de\u00a0Gobierno acompa\u00f1ados de&#8230; <\/p>\n","protected":false},"author":3,"featured_media":15377,"comment_status":"open","ping_status":"closed","sticky":false,"template":"","format":"standard","meta":{"footnotes":"","_links_to":"","_links_to_target":""},"categories":[32,85,86],"tags":[],"class_list":["post-15372","post","type-post","status-publish","format-standard","has-post-thumbnail","hentry","category-actualidad-distrito","category-cartagena","category-comunidad"],"_links":{"self":[{"href":"https:\/\/revistazetta.com\/index.php?rest_route=\/wp\/v2\/posts\/15372","targetHints":{"allow":["GET"]}}],"collection":[{"href":"https:\/\/revistazetta.com\/index.php?rest_route=\/wp\/v2\/posts"}],"about":[{"href":"https:\/\/revistazetta.com\/index.php?rest_route=\/wp\/v2\/types\/post"}],"author":[{"embeddable":true,"href":"https:\/\/revistazetta.com\/index.php?rest_route=\/wp\/v2\/users\/3"}],"replies":[{"embeddable":true,"href":"https:\/\/revistazetta.com\/index.php?rest_route=%2Fwp%2Fv2%2Fcomments&post=15372"}],"version-history":[{"count":0,"href":"https:\/\/revistazetta.com\/index.php?rest_route=\/wp\/v2\/posts\/15372\/revisions"}],"wp:featuredmedia":[{"embeddable":true,"href":"https:\/\/revistazetta.com\/index.php?rest_route=\/wp\/v2\/media\/15377"}],"wp:attachment":[{"href":"https:\/\/revistazetta.com\/index.php?rest_route=%2Fwp%2Fv2%2Fmedia&parent=15372"}],"wp:term":[{"taxonomy":"category","embeddable":true,"href":"https:\/\/revistazetta.com\/index.php?rest_route=%2Fwp%2Fv2%2Fcategories&post=15372"},{"taxonomy":"post_tag","embeddable":true,"href":"https:\/\/revistazetta.com\/index.php?rest_route=%2Fwp%2Fv2%2Ftags&post=15372"}],"curies":[{"name":"wp","href":"https:\/\/api.w.org\/{rel}","templated":true}]}}