{"id":15379,"date":"2016-08-25T19:48:26","date_gmt":"2016-08-26T00:48:26","guid":{"rendered":"http:\/\/www.revistazetta.com\/?p=15379"},"modified":"2016-08-25T19:48:26","modified_gmt":"2016-08-26T00:48:26","slug":"construccion-nuevo-colegio-sector-bicentenario-estaria-lista-noviembre","status":"publish","type":"post","link":"https:\/\/revistazetta.com\/?p=15379","title":{"rendered":"Construcci\u00f3n de nuevo colegio en sector Bicentenario estar\u00eda lista en noviembre"},"content":{"rendered":"<p>Con la meta de tener listo el nuevo colegio en el sector Bicentenario y de ponerlo al servicio de la comunidad para el a\u00f1o lectivo 2017, concluy\u00f3 la inspecci\u00f3n de esta obras donde se est\u00e1n invirtiendo m\u00e1s de $12.304 millones para cobijar a 1.445 alumnos en 38 aulas de clase.<\/p>\n<p><img loading=\"lazy\" decoding=\"async\" class=\"alignright size-medium wp-image-15388\" src=\"https:\/\/www.revistazetta.com\/wp-content\/uploads\/2016\/08\/NCB1-300x187.jpg\" alt=\"NCB1\" width=\"300\" height=\"187\" srcset=\"https:\/\/revistazetta.com\/wp-content\/uploads\/2016\/08\/NCB1-300x187.jpg 300w, https:\/\/revistazetta.com\/wp-content\/uploads\/2016\/08\/NCB1-234x146.jpg 234w, https:\/\/revistazetta.com\/wp-content\/uploads\/2016\/08\/NCB1-50x31.jpg 50w, https:\/\/revistazetta.com\/wp-content\/uploads\/2016\/08\/NCB1-120x75.jpg 120w, https:\/\/revistazetta.com\/wp-content\/uploads\/2016\/08\/NCB1.jpg 570w\" sizes=\"auto, (max-width: 300px) 100vw, 300px\" \/> <img loading=\"lazy\" decoding=\"async\" class=\"alignright size-medium wp-image-15389\" src=\"https:\/\/www.revistazetta.com\/wp-content\/uploads\/2016\/08\/NCB2-300x187.jpg\" alt=\"NCB2\" width=\"300\" height=\"187\" srcset=\"https:\/\/revistazetta.com\/wp-content\/uploads\/2016\/08\/NCB2-300x187.jpg 300w, https:\/\/revistazetta.com\/wp-content\/uploads\/2016\/08\/NCB2-234x146.jpg 234w, https:\/\/revistazetta.com\/wp-content\/uploads\/2016\/08\/NCB2-50x31.jpg 50w, https:\/\/revistazetta.com\/wp-content\/uploads\/2016\/08\/NCB2-120x75.jpg 120w, https:\/\/revistazetta.com\/wp-content\/uploads\/2016\/08\/NCB2.jpg 570w\" sizes=\"auto, (max-width: 300px) 100vw, 300px\" \/>Durante esta inspecci\u00f3n estuvo junto con el Secretario de Educaci\u00f3n, Germ\u00e1n Sierra, el vicepresidente de Findeter, Alejandro Callejas es precisamente esta entidad quien tiene cargo la gerencia financiera del proyecto. \u201cDe la vista de obra podemos concluir que en noviembre estar\u00e1n listas las obras. Lo m\u00e1s importante es que en el 2017 pueden dictar clases\u201d, dijo Callejas.<\/p>\n<p>El nuevo colegio del sector Bicentenario tiene una inversi\u00f3n de $8 mil millones del Ministerio de Educaci\u00f3n Nacional; $1.000 millones donados por la firma Argos; y $3.004 millones del Distrito, empleados, adem\u00e1s, para la adecuaci\u00f3n de los terrenos, adaptaci\u00f3n a normas de sismorresistencia y antiincendios, y todo el sistema el\u00e9ctrico.<\/p>\n<p>Con el avance constatado en un 70% aproximadamente y el cronograma de la obra, se estima que en enero estar\u00e1 lista para comenzar a recibir alumnos de este populoso sector.<\/p>\n<p><img loading=\"lazy\" decoding=\"async\" class=\"alignright size-medium wp-image-15387\" src=\"https:\/\/www.revistazetta.com\/wp-content\/uploads\/2016\/08\/NCB-300x187.jpg\" alt=\"NCB\" width=\"300\" height=\"187\" srcset=\"https:\/\/revistazetta.com\/wp-content\/uploads\/2016\/08\/NCB-300x187.jpg 300w, https:\/\/revistazetta.com\/wp-content\/uploads\/2016\/08\/NCB-234x146.jpg 234w, https:\/\/revistazetta.com\/wp-content\/uploads\/2016\/08\/NCB-50x31.jpg 50w, https:\/\/revistazetta.com\/wp-content\/uploads\/2016\/08\/NCB-120x75.jpg 120w, https:\/\/revistazetta.com\/wp-content\/uploads\/2016\/08\/NCB.jpg 570w\" sizes=\"auto, (max-width: 300px) 100vw, 300px\" \/> <img loading=\"lazy\" decoding=\"async\" class=\"alignright size-medium wp-image-15390\" src=\"https:\/\/www.revistazetta.com\/wp-content\/uploads\/2016\/08\/NCB3-300x187.jpg\" alt=\"NCB3\" width=\"300\" height=\"187\" srcset=\"https:\/\/revistazetta.com\/wp-content\/uploads\/2016\/08\/NCB3-300x187.jpg 300w, https:\/\/revistazetta.com\/wp-content\/uploads\/2016\/08\/NCB3-234x146.jpg 234w, https:\/\/revistazetta.com\/wp-content\/uploads\/2016\/08\/NCB3-50x31.jpg 50w, https:\/\/revistazetta.com\/wp-content\/uploads\/2016\/08\/NCB3-120x75.jpg 120w, https:\/\/revistazetta.com\/wp-content\/uploads\/2016\/08\/NCB3.jpg 570w\" sizes=\"auto, (max-width: 300px) 100vw, 300px\" \/><\/p>\n<p>Para la comunidad, el colegio traer\u00e1 soluci\u00f3n a ala creciente demanda de cupos en el sector, pero no es suficiente.<\/p>\n<p>Jorge Almanza Urango, presidente Junta de Acci\u00f3n Comunal de Bicentenario, dijo que \u201chay mucha expectativa pues necesitamos este colegio, pero tambi\u00e9n requerimos cobertura para educaci\u00f3n superior, que vengan las universidades, los Ceres, el Sena, pues no basta solo con colegios\u201d.<\/p>\n<p>&nbsp;<\/p>\n<p>\u201cHemos ampliado la cobertura pero es insuficiente, necesitamos por lo menos seis colegios de estas dimensiones para darle plena respuesta a la demanda\u201d, explic\u00f3 el secretario de Educaci\u00f3n.<\/p>\n","protected":false},"excerpt":{"rendered":"<p>Con la meta de tener listo el nuevo colegio en el sector Bicentenario y de ponerlo al servicio de la comunidad para el a\u00f1o lectivo 2017, concluy\u00f3 la inspecci\u00f3n de esta obras donde se est\u00e1n invirtiendo m\u00e1s de $12.304 millones para cobijar a 1.445 alumnos en 38 aulas de clase. Durante esta inspecci\u00f3n estuvo junto con el Secretario de Educaci\u00f3n, Germ\u00e1n Sierra, el vicepresidente de Findeter, Alejandro Callejas es precisamente esta entidad quien tiene cargo la gerencia financiera del proyecto. \u201cDe la vista de obra podemos concluir que en noviembre&#8230; <\/p>\n","protected":false},"author":3,"featured_media":15383,"comment_status":"open","ping_status":"closed","sticky":false,"template":"","format":"standard","meta":{"footnotes":"","_links_to":"","_links_to_target":""},"categories":[32,75],"tags":[],"class_list":["post-15379","post","type-post","status-publish","format-standard","has-post-thumbnail","hentry","category-actualidad-distrito","category-destacada"],"_links":{"self":[{"href":"https:\/\/revistazetta.com\/index.php?rest_route=\/wp\/v2\/posts\/15379","targetHints":{"allow":["GET"]}}],"collection":[{"href":"https:\/\/revistazetta.com\/index.php?rest_route=\/wp\/v2\/posts"}],"about":[{"href":"https:\/\/revistazetta.com\/index.php?rest_route=\/wp\/v2\/types\/post"}],"author":[{"embeddable":true,"href":"https:\/\/revistazetta.com\/index.php?rest_route=\/wp\/v2\/users\/3"}],"replies":[{"embeddable":true,"href":"https:\/\/revistazetta.com\/index.php?rest_route=%2Fwp%2Fv2%2Fcomments&post=15379"}],"version-history":[{"count":0,"href":"https:\/\/revistazetta.com\/index.php?rest_route=\/wp\/v2\/posts\/15379\/revisions"}],"wp:featuredmedia":[{"embeddable":true,"href":"https:\/\/revistazetta.com\/index.php?rest_route=\/wp\/v2\/media\/15383"}],"wp:attachment":[{"href":"https:\/\/revistazetta.com\/index.php?rest_route=%2Fwp%2Fv2%2Fmedia&parent=15379"}],"wp:term":[{"taxonomy":"category","embeddable":true,"href":"https:\/\/revistazetta.com\/index.php?rest_route=%2Fwp%2Fv2%2Fcategories&post=15379"},{"taxonomy":"post_tag","embeddable":true,"href":"https:\/\/revistazetta.com\/index.php?rest_route=%2Fwp%2Fv2%2Ftags&post=15379"}],"curies":[{"name":"wp","href":"https:\/\/api.w.org\/{rel}","templated":true}]}}