{"id":15380,"date":"2016-08-25T19:00:50","date_gmt":"2016-08-26T00:00:50","guid":{"rendered":"http:\/\/www.revistazetta.com\/?p=15380"},"modified":"2016-08-26T05:55:04","modified_gmt":"2016-08-26T10:55:04","slug":"15380","status":"publish","type":"post","link":"https:\/\/revistazetta.com\/?p=15380","title":{"rendered":"Alcalde acoge movimiento para reivindicar nombre de Juan Jos\u00e9 Nieto"},"content":{"rendered":"<p>Un movimiento que busca\u00a0 la reivindicaci\u00f3n del nombre de Juan Jos\u00e9 Nieto, fue acogida por el alcalde de Cartagena, Manolo Duque, quien\u00a0anunci\u00f3 que encabezar\u00e1 esta\u00a0misi\u00f3n\u00a0\u00a0que surgi\u00f3 para dignificar a quien es considerado como el primer presidente negro del pa\u00eds.<\/p>\n<p>La iniciativa se da en\u00a0\u00a0momentos en que el presidente Juan Manuel Santos pusiera de manifiesto su prop\u00f3sito\u00a0 de hacer incluir el nombre de Nieto en la galer\u00eda de los presidentes de Colombia, en se\u00f1al de reconocimiento a quien logr\u00f3 ejercer el m\u00e1ximo cargo del poder pol\u00edtico del pa\u00eds a mediados del siglo XIX, pero que hasta el momento ha sido desconocido por la historia.<\/p>\n<p>La intenci\u00f3n del reconocimiento de Nieto en el ideario nacional, hace parte de una estrategia colectiva de ciudad que pone a Cartagena como eje fundamental en la vida y obra del llamado \u2018Primer coste\u00f1o del Caribe colombiano\u2019, teniendo en cuenta que fue en La Heroica donde desarroll\u00f3 su trayectoria intelectual como autodidacta y su desenvolvimiento pol\u00edtico.<\/p>\n<p>\u201cEs impresionante el aporte que hizo Juan Jos\u00e9 Nieto para nuestro desarrollo. Fue un gran pol\u00edtico, un literato de alto nivel y su ideario liberal lo puso en pr\u00e1ctica en su vida p\u00fablica. No podemos olvidar que fue quien firm\u00f3 el decreto que aboli\u00f3 la esclavitud, y por todo eso pienso que Cartagena, la Costa y Colombia entera est\u00e1 en deuda con su memoria\u201d, se\u00f1al\u00f3 el alcalde Duque.<\/p>\n<p><img loading=\"lazy\" decoding=\"async\" class=\"alignright size-medium wp-image-15386\" src=\"https:\/\/www.revistazetta.com\/wp-content\/uploads\/2016\/08\/HJJN3-300x187.jpg\" alt=\"HJJN3\" width=\"300\" height=\"187\" srcset=\"https:\/\/revistazetta.com\/wp-content\/uploads\/2016\/08\/HJJN3-300x187.jpg 300w, https:\/\/revistazetta.com\/wp-content\/uploads\/2016\/08\/HJJN3-234x146.jpg 234w, https:\/\/revistazetta.com\/wp-content\/uploads\/2016\/08\/HJJN3-50x31.jpg 50w, https:\/\/revistazetta.com\/wp-content\/uploads\/2016\/08\/HJJN3-120x75.jpg 120w, https:\/\/revistazetta.com\/wp-content\/uploads\/2016\/08\/HJJN3.jpg 570w\" sizes=\"auto, (max-width: 300px) 100vw, 300px\" \/> <img loading=\"lazy\" decoding=\"async\" class=\"alignright size-medium wp-image-15385\" src=\"https:\/\/www.revistazetta.com\/wp-content\/uploads\/2016\/08\/HJJN1-300x187.jpg\" alt=\"HJJN1\" width=\"300\" height=\"187\" srcset=\"https:\/\/revistazetta.com\/wp-content\/uploads\/2016\/08\/HJJN1-300x187.jpg 300w, https:\/\/revistazetta.com\/wp-content\/uploads\/2016\/08\/HJJN1-234x146.jpg 234w, https:\/\/revistazetta.com\/wp-content\/uploads\/2016\/08\/HJJN1-50x31.jpg 50w, https:\/\/revistazetta.com\/wp-content\/uploads\/2016\/08\/HJJN1-120x75.jpg 120w, https:\/\/revistazetta.com\/wp-content\/uploads\/2016\/08\/HJJN1.jpg 570w\" sizes=\"auto, (max-width: 300px) 100vw, 300px\" \/><\/p>\n<p>Para lograr la visibilizaci\u00f3n en todo el pa\u00eds del ilustre caribe\u00f1o y rescatar su nombre, en Cartagena se gest\u00f3 un movimiento ciudadano conformado por varias personalidades del quehacer literario, pol\u00edtico, acad\u00e9mico e intelectual de la ciudad.<\/p>\n<p>Este movimiento ciudadano lo conforman Mois\u00e9s Alvarez Mar\u00edn, director del Museo Hist\u00f3rico de Cartagena, Judith Pinedo, ex alcaldesa de Cartagena y decana de la facultad de derecho de la universidad San Buenaventura; Javier Ortiz Cassiani, historiador e investigador; Jaime Gonz\u00e1lez, de la fundaci\u00f3n Coosalud; Israel D\u00edaz Acevedo, del cabildo Afrocaribe\u00f1o Cavilaneo; Claudia Ayola, columnista de opini\u00f3n, y Benjam\u00edn Acevedo, director de la Instituci\u00f3n Educativa Juan Jos\u00e9 Nieto.<\/p>\n<p>\u201cLo que queremos es emprender una estrategia que llame la atenci\u00f3n de todo el pa\u00eds hacia el conocimiento de Juan Jos\u00e9 Nieto como uno de los personajes que marc\u00f3 importantes hitos en la trayectoria cultural del caribe y en la formaci\u00f3n de nuestra naci\u00f3n\u201d, dijo la ex alcaldesa Judith Pinedo.<\/p>\n<p>Para desarrollar la estrategia de reivindicaci\u00f3n del ilustre pero, para muchos, desconocido personaje, la estrategia dise\u00f1ada lleva por nombre \u2018Nieto est\u00e1 en su casa\u2019, con el fin de darle el sentido de pertenencia que la ciudad debe tener con son su nombre.<\/p>\n<p>Se program\u00f3 un seminario denominado \u2018Juan Jos\u00e9 Nieto, pol\u00edtica, letras y regi\u00f3n\u2019, para los d\u00edas 8 y 9 de septiembre, en el que se presentar\u00e1n conferencias e investigaciones de personalidades como el ex Vicepresidente Gustavo Bell Lemus, y los investigadores Alfonso M\u00fanera, Javier Ortiz y Mois\u00e9s Alvarez, entre otros.<\/p>\n<p>&nbsp;<\/p>\n<p><strong>\u00bfQui\u00e9n era Nieto?<\/strong><\/p>\n<p>Militar autodidacta, liberal federalista y literato de vanguardia, eran las caracter\u00edsticas m\u00e1s reconocidas de Juan Jos\u00e9 Nieto.<\/p>\n<p>Naci\u00f3 en Cibarco en el a\u00f1o 1804, un caser\u00edo ubicado entre los municipios de Baranoa y Tubar\u00e1, pero desde muy temprana edad su familia se traslad\u00f3 a Cartagena, ciudad en la que muri\u00f3 en 1866.<\/p>\n<p>Fue gobernador de Bol\u00edvar y en 1861 fue presidente de la Confederaci\u00f3n Granadina (Estados Unidos de la Nueva Granada) durante seis meses, despu\u00e9s de la separaci\u00f3n del Estado de Bol\u00edvar del gobierno centralista del conservador Mariano Ospina Rodr\u00edguez, y en apoyo al general liberal Tom\u00e1s Cipriano de Mosquera, de quien era su amigo personal.<\/p>\n<p>En 1852 decret\u00f3 la abolici\u00f3n absoluta de la esclavitud, tambi\u00e9n promulg\u00f3 tres constituciones, escribi\u00f3 tres obras, entre ellas \u2018Ingermina\u2019, la primera novela de la vida republicana, y public\u00f3 la geograf\u00eda hist\u00f3rica, estad\u00edstica y local de la provincia de Cartagena.<\/p>\n","protected":false},"excerpt":{"rendered":"<p>Un movimiento que busca\u00a0 la reivindicaci\u00f3n del nombre de Juan Jos\u00e9 Nieto, fue acogida por el alcalde de Cartagena, Manolo Duque, quien\u00a0anunci\u00f3 que encabezar\u00e1 esta\u00a0misi\u00f3n\u00a0\u00a0que surgi\u00f3 para dignificar a quien es considerado como el primer presidente negro del pa\u00eds. La iniciativa se da en\u00a0\u00a0momentos en que el presidente Juan Manuel Santos pusiera de manifiesto su prop\u00f3sito\u00a0 de hacer incluir el nombre de Nieto en la galer\u00eda de los presidentes de Colombia, en se\u00f1al de reconocimiento a quien logr\u00f3 ejercer el m\u00e1ximo cargo del poder pol\u00edtico del pa\u00eds a mediados del&#8230; <\/p>\n","protected":false},"author":3,"featured_media":15384,"comment_status":"open","ping_status":"closed","sticky":false,"template":"","format":"standard","meta":{"footnotes":"","_links_to":"","_links_to_target":""},"categories":[32,85,75],"tags":[],"class_list":["post-15380","post","type-post","status-publish","format-standard","has-post-thumbnail","hentry","category-actualidad-distrito","category-cartagena","category-destacada"],"_links":{"self":[{"href":"https:\/\/revistazetta.com\/index.php?rest_route=\/wp\/v2\/posts\/15380","targetHints":{"allow":["GET"]}}],"collection":[{"href":"https:\/\/revistazetta.com\/index.php?rest_route=\/wp\/v2\/posts"}],"about":[{"href":"https:\/\/revistazetta.com\/index.php?rest_route=\/wp\/v2\/types\/post"}],"author":[{"embeddable":true,"href":"https:\/\/revistazetta.com\/index.php?rest_route=\/wp\/v2\/users\/3"}],"replies":[{"embeddable":true,"href":"https:\/\/revistazetta.com\/index.php?rest_route=%2Fwp%2Fv2%2Fcomments&post=15380"}],"version-history":[{"count":0,"href":"https:\/\/revistazetta.com\/index.php?rest_route=\/wp\/v2\/posts\/15380\/revisions"}],"wp:featuredmedia":[{"embeddable":true,"href":"https:\/\/revistazetta.com\/index.php?rest_route=\/wp\/v2\/media\/15384"}],"wp:attachment":[{"href":"https:\/\/revistazetta.com\/index.php?rest_route=%2Fwp%2Fv2%2Fmedia&parent=15380"}],"wp:term":[{"taxonomy":"category","embeddable":true,"href":"https:\/\/revistazetta.com\/index.php?rest_route=%2Fwp%2Fv2%2Fcategories&post=15380"},{"taxonomy":"post_tag","embeddable":true,"href":"https:\/\/revistazetta.com\/index.php?rest_route=%2Fwp%2Fv2%2Ftags&post=15380"}],"curies":[{"name":"wp","href":"https:\/\/api.w.org\/{rel}","templated":true}]}}