{"id":15391,"date":"2016-08-25T20:25:09","date_gmt":"2016-08-26T01:25:09","guid":{"rendered":"http:\/\/www.revistazetta.com\/?p=15391"},"modified":"2016-08-25T20:25:09","modified_gmt":"2016-08-26T01:25:09","slug":"hechos-se-logra-la-paz","status":"publish","type":"post","link":"https:\/\/revistazetta.com\/?p=15391","title":{"rendered":"\u201cCon hechos es que se logra la paz\u201d"},"content":{"rendered":"<p>Durante el Consejito de Gobierno, organizado y desarrollado que se desarroll\u00f3 en la Secretar\u00eda de Gobierno y Convivencia Ciudadana diferentes j\u00f3venes aprovecharon el espacio para pedir apoyo a la alcald\u00eda para sacar adelante a sus familias y dejar atr\u00e1s la violencia en los barrios.<\/p>\n<p>\u201cSe\u00f1or Alcalde queremos pedirle a usted que nos ayude porque muchos de nosotros somos cabeza de familia y necesitamos una fuente de empleo\u2026los j\u00f3venes de Fredonia est\u00e1n dispuestos a un proceso de paz, porque queremos vivir tranquilos, y queremos ser ejemplo para la sociedad. Necesitamos apoyo para poder explotar nuestras virtudes. Muchos de los muchachos desarrollan artes como la barber\u00eda, estucado, soldadura y la zapater\u00eda y lo que pedimos a las autoridades es que nos extiendan la mano, que no nos dejen solos\u201d. Expres\u00f3 Omar Z\u00fa\u00f1iga, un joven del barrio Fredonia.<\/p>\n<p><img loading=\"lazy\" decoding=\"async\" class=\"alignright size-medium wp-image-15392\" src=\"https:\/\/www.revistazetta.com\/wp-content\/uploads\/2016\/08\/CS-1-300x187.jpg\" alt=\"CS\" width=\"300\" height=\"187\" srcset=\"https:\/\/revistazetta.com\/wp-content\/uploads\/2016\/08\/CS-1-300x187.jpg 300w, https:\/\/revistazetta.com\/wp-content\/uploads\/2016\/08\/CS-1-234x146.jpg 234w, https:\/\/revistazetta.com\/wp-content\/uploads\/2016\/08\/CS-1-50x31.jpg 50w, https:\/\/revistazetta.com\/wp-content\/uploads\/2016\/08\/CS-1-120x75.jpg 120w, https:\/\/revistazetta.com\/wp-content\/uploads\/2016\/08\/CS-1.jpg 570w\" sizes=\"auto, (max-width: 300px) 100vw, 300px\" \/><\/p>\n<p>Este pedido fue respaldado por varios de los muchachos de este barrio y de La Esperanza, quienes fueron invitados a este ejercicio de gobierno para escuchar el sentir de los ciudadanos respecto a la paz.<\/p>\n<p>Durante esta jornada, Julieth Fl\u00f3rez, alcaldesa del Gabinete Distrital de Ni\u00f1os, expreso que el reto es demostrar que se pueden desaprender las pr\u00e1cticas violentas, y que para eso es imprescindible el apoyo de la Administraci\u00f3n. \u201cNo nos dejen solos, queremos salir a jugar, divertirnos, hacer deportes y aprender en ambientes que nos den la oportunidad y personas que nos ayuden en nuestro desarrollo\u201d.<\/p>\n<p>Fernando Mercado, joven de La Esperanza, dijo: \u201cpor a\u00f1os hemos vivido de problema en problema, afectando a nuestras familias y estamos cansados de tanta violencia y maltrato. Ahora queremos hacer las cosas bien, tener un cambio y esperamos contar con el apoyo de ustedes para salir adelante\u201d.<\/p>\n<p>Fernando \u00d1i\u00f1o, secretario del Interior y Convivencia Ciudadana, manifest\u00f3 que este tipo de ejercicios motivan a seguir haciendo actividades que vayan en beneficio de la paz en los territorios. \u201cEste es un ejemplo que poco a poco va a traer progreso a las comunidades, a sus familias y a la ciudad. Lo que queremos es que Cartagena crea que la Administraci\u00f3n puede trabajar con los j\u00f3venes, con el futuro de la ciudad y que con ellos podemos construir el futuro de la Heroica\u201d, explic\u00f3 el funcionario.<\/p>\n<p>Pidi\u00f3 a los j\u00f3venes compromiso, que se generen cambios en sus vidas, que le traer\u00e1n beneficios a los j\u00f3venes y sus familias. El Secretario respald\u00f3 el trabajo realizado. \u201cPor instrucci\u00f3n de nuestro Alcalde se contar\u00e1 con un equipo coordinado para trabajar por ustedes. Les ofrecemos todas las coordinaciones con las autoridades para solucionar cualquier problema que tengan y prestarles todo el apoyo con trabajadores sociales y sic\u00f3logos para seguir con este gran proceso\u201d.<\/p>\n<p>\u201cEstamos viviendo una \u00e9poca de perd\u00f3n y reconciliaci\u00f3n en el pa\u00eds y nosotros podemos dar el ejemplo. \u201cCrecimos en una ciudad, en un mismo barrio y no es justo que si \u00e9ramos amigos cuando ni\u00f1os ahora no lo seamos, esa amistad debe estar m\u00e1s fortalecida, no debe haber enemistad entre nosotros\u201d, puntualiz\u00f3.<\/p>\n","protected":false},"excerpt":{"rendered":"<p>Durante el Consejito de Gobierno, organizado y desarrollado que se desarroll\u00f3 en la Secretar\u00eda de Gobierno y Convivencia Ciudadana diferentes j\u00f3venes aprovecharon el espacio para pedir apoyo a la alcald\u00eda para sacar adelante a sus familias y dejar atr\u00e1s la violencia en los barrios. \u201cSe\u00f1or Alcalde queremos pedirle a usted que nos ayude porque muchos de nosotros somos cabeza de familia y necesitamos una fuente de empleo\u2026los j\u00f3venes de Fredonia est\u00e1n dispuestos a un proceso de paz, porque queremos vivir tranquilos, y queremos ser ejemplo para la sociedad. Necesitamos apoyo&#8230; <\/p>\n","protected":false},"author":3,"featured_media":15397,"comment_status":"open","ping_status":"closed","sticky":false,"template":"","format":"standard","meta":{"footnotes":"","_links_to":"","_links_to_target":""},"categories":[32,85],"tags":[],"class_list":["post-15391","post","type-post","status-publish","format-standard","has-post-thumbnail","hentry","category-actualidad-distrito","category-cartagena"],"_links":{"self":[{"href":"https:\/\/revistazetta.com\/index.php?rest_route=\/wp\/v2\/posts\/15391","targetHints":{"allow":["GET"]}}],"collection":[{"href":"https:\/\/revistazetta.com\/index.php?rest_route=\/wp\/v2\/posts"}],"about":[{"href":"https:\/\/revistazetta.com\/index.php?rest_route=\/wp\/v2\/types\/post"}],"author":[{"embeddable":true,"href":"https:\/\/revistazetta.com\/index.php?rest_route=\/wp\/v2\/users\/3"}],"replies":[{"embeddable":true,"href":"https:\/\/revistazetta.com\/index.php?rest_route=%2Fwp%2Fv2%2Fcomments&post=15391"}],"version-history":[{"count":0,"href":"https:\/\/revistazetta.com\/index.php?rest_route=\/wp\/v2\/posts\/15391\/revisions"}],"wp:featuredmedia":[{"embeddable":true,"href":"https:\/\/revistazetta.com\/index.php?rest_route=\/wp\/v2\/media\/15397"}],"wp:attachment":[{"href":"https:\/\/revistazetta.com\/index.php?rest_route=%2Fwp%2Fv2%2Fmedia&parent=15391"}],"wp:term":[{"taxonomy":"category","embeddable":true,"href":"https:\/\/revistazetta.com\/index.php?rest_route=%2Fwp%2Fv2%2Fcategories&post=15391"},{"taxonomy":"post_tag","embeddable":true,"href":"https:\/\/revistazetta.com\/index.php?rest_route=%2Fwp%2Fv2%2Ftags&post=15391"}],"curies":[{"name":"wp","href":"https:\/\/api.w.org\/{rel}","templated":true}]}}