{"id":15399,"date":"2016-08-25T20:32:09","date_gmt":"2016-08-26T01:32:09","guid":{"rendered":"http:\/\/www.revistazetta.com\/?p=15399"},"modified":"2016-08-25T20:34:20","modified_gmt":"2016-08-26T01:34:20","slug":"nuevos-cupos-vendedores-informales-mercado-santa-rita","status":"publish","type":"post","link":"https:\/\/revistazetta.com\/?p=15399","title":{"rendered":"Nuevos cupos para vendedores informales en el mercado de Santa Rita"},"content":{"rendered":"<p>En el mes de septiembre se abrir\u00e1 la convocatoria para aproximadamente 100 vendedores informales, preferiblemente del mercado de Bazurto, que quieran trasladarse a Santa Rita.<\/p>\n<p>Este espacio se abre en la administraci\u00f3n del alcalde Manolo Duque con el fin de incentivar la formalizaci\u00f3n econ\u00f3mica y evitar el uso del espacio p\u00fablico para actividades comerciales informales.<\/p>\n<p>\u201cEl\u00a0principal requisito para acceder a esta convocatoria son:<\/p>\n<ul>\n<li>ser vendedores informales, que se encuentren inscritos en el Registro \u00danico de Vendedores (RUV) y que no hayan sido recompensados econ\u00f3micamente por parte del Distrito\u201d explic\u00f3 Carolina Lenes, gerente de Espacio P\u00fablico y Movilidad.<\/li>\n<\/ul>\n<p>La funcionaria tambi\u00e9n dijo que aunque se les d\u00e9 prioridad a los vendedores informales del mercado de Bazurto, tambi\u00e9n podr\u00e1n participar cualquiera de los 3.200 vendedores que se encuentran inscritos en el RUV.<\/p>\n<p>Esta convocatoria se har\u00e1 p\u00fablica, de manera que todos los interesados puedan tener acceso a la informaci\u00f3n y sin intermediarios. Todos los tr\u00e1mites se realizar\u00e1n ante la Gerencia de Espacio P\u00fablico y Movilidad.<\/p>\n","protected":false},"excerpt":{"rendered":"<p>En el mes de septiembre se abrir\u00e1 la convocatoria para aproximadamente 100 vendedores informales, preferiblemente del mercado de Bazurto, que quieran trasladarse a Santa Rita. Este espacio se abre en la administraci\u00f3n del alcalde Manolo Duque con el fin de incentivar la formalizaci\u00f3n econ\u00f3mica y evitar el uso del espacio p\u00fablico para actividades comerciales informales. \u201cEl\u00a0principal requisito para acceder a esta convocatoria son: ser vendedores informales, que se encuentren inscritos en el Registro \u00danico de Vendedores (RUV) y que no hayan sido recompensados econ\u00f3micamente por parte del Distrito\u201d explic\u00f3 Carolina&#8230; <\/p>\n","protected":false},"author":3,"featured_media":0,"comment_status":"open","ping_status":"closed","sticky":false,"template":"","format":"standard","meta":{"footnotes":"","_links_to":"","_links_to_target":""},"categories":[32,85],"tags":[],"class_list":["post-15399","post","type-post","status-publish","format-standard","hentry","category-actualidad-distrito","category-cartagena"],"_links":{"self":[{"href":"https:\/\/revistazetta.com\/index.php?rest_route=\/wp\/v2\/posts\/15399","targetHints":{"allow":["GET"]}}],"collection":[{"href":"https:\/\/revistazetta.com\/index.php?rest_route=\/wp\/v2\/posts"}],"about":[{"href":"https:\/\/revistazetta.com\/index.php?rest_route=\/wp\/v2\/types\/post"}],"author":[{"embeddable":true,"href":"https:\/\/revistazetta.com\/index.php?rest_route=\/wp\/v2\/users\/3"}],"replies":[{"embeddable":true,"href":"https:\/\/revistazetta.com\/index.php?rest_route=%2Fwp%2Fv2%2Fcomments&post=15399"}],"version-history":[{"count":0,"href":"https:\/\/revistazetta.com\/index.php?rest_route=\/wp\/v2\/posts\/15399\/revisions"}],"wp:attachment":[{"href":"https:\/\/revistazetta.com\/index.php?rest_route=%2Fwp%2Fv2%2Fmedia&parent=15399"}],"wp:term":[{"taxonomy":"category","embeddable":true,"href":"https:\/\/revistazetta.com\/index.php?rest_route=%2Fwp%2Fv2%2Fcategories&post=15399"},{"taxonomy":"post_tag","embeddable":true,"href":"https:\/\/revistazetta.com\/index.php?rest_route=%2Fwp%2Fv2%2Ftags&post=15399"}],"curies":[{"name":"wp","href":"https:\/\/api.w.org\/{rel}","templated":true}]}}